{"id":311939,"date":"2025-08-11T16:02:13","date_gmt":"2025-08-11T16:02:13","guid":{"rendered":"https:\/\/www.europesays.com\/fr\/311939\/"},"modified":"2025-08-11T16:02:13","modified_gmt":"2025-08-11T16:02:13","slug":"le-marche-des-arts-dits-premiers-sur-ses-gardes-face-aux-captations-doeuvres-africaines-le-monde-fr","status":"publish","type":"post","link":"https:\/\/www.europesays.com\/fr\/311939\/","title":{"rendered":"Le march\u00e9 des arts dits \u00ab premiers \u00bb sur ses gardes face aux \u00ab captations \u00bb d\u2019\u0153uvres africaines &#8211; Le Monde.fr"},"content":{"rendered":"<ol>\n<li><a href=\"https:\/\/news.google.com\/rss\/articles\/CBMi6gFBVV95cUxNWEpVdk1FTDZMMjVvcnRiaW5xaTNteUV2dFpnai0xci11U3lLaUtwLWpHYmpZRVk1VFFMTE1xX3lqdVFSUGZuTUdLamtrQkwwT1pFM2daSG5VM3NFQjQ3N1RnSm5laVFrTHV3MFlRbHRFalV1dnlKNFhJRDc4S1ZOMllpVmZ2VjBmTDVSSmozZWhrenZRMnhxclpwR0d1M1BzeHFneXY5MzVsZUNLTWxEZXowcGFFNC1TTkhQVGJ1eU5BZmtBNmJTRjVweU9PWGJKMHluY21wd1J5MDhmNm40V19ydzkwckQxQUE?oc=5\" target=\"_blank\" rel=\"nofollow noopener\">Le march\u00e9 des arts dits \u00ab premiers \u00bb sur ses gardes face aux \u00ab captations \u00bb d\u2019\u0153uvres africaines<\/a>&nbsp;&nbsp;Le Monde.fr<\/li>\n<li><a href=\"https:\/\/news.google.com\/rss\/articles\/CBMigwJBVV95cUxQbGJ5a0JDdXJ2OGs4YkVFMFU2THhHZUN2QmNiMk50em5oeHI4OGdNZlQxWmdRM0ljLWxuajlVQVB0bGpiV3lkNEVKcmctS0dsUkFERVVocjd2SDJIOU16Nkk0SVp1bFNndTFmalRNbkV4SHJhNFRCc292cGJlNHhlTlE2YmhFbW90UnIyajZ5ZFMwMVJ1LWxXcnlTWDNzZ1hKNFB0QXlmSWtyQ3hjeDZBT1oyQTI3YnpPUVFQUkpoQVhVUE5vb19CRDlPYnFwb09aQmlaOGR2YVRXbTBRNlRZOEVkNUNmTmotMXplMk5iRXVvcWRfWGpfVGhuaWVJSkMwUjdZ?oc=5\" target=\"_blank\" rel=\"nofollow noopener\">\u00ab\u00a0\u00c0 la tra\u00eene\u00a0\u00bb, la France met sur les rails un projet de loi pour faciliter les restitutions de biens culturels coloniaux<\/a>&nbsp;&nbsp;lanouvellerepublique.fr<\/li>\n<li><a href=\"https:\/\/news.google.com\/rss\/articles\/CBMi2AFBVV95cUxOUXBubmQtZkVid2twdGoyTVB1NTJqam9ybHRfc3FSM196b3NvellSRGctZDM2U29BNTJMX2l5Q2cwZ2h5WjZJMW1uMzBLZlVfSktTakt0Tm0yazlJMWgyUHRVcldCeUhSQXQ1bkdkSVZ0eWRRT1FCbi0wRDBLMFVwVDVEYWFmTld5RGkxSkRZRFlsNk0yQVBoRllZM2NVRVpLN2NZYmpibllESkZmXzlZTXBkZFViSU55aFlrTE9nMWd6VllnV1Z2TDVYZDhFYlhkMUotb2hQamw?oc=5\" target=\"_blank\" rel=\"nofollow noopener\">France : un projet de loi pour acc\u00e9l\u00e9rer la restitution du patrimoine africain<\/a>&nbsp;&nbsp;MSN<\/li>\n<li><a href=\"https:\/\/news.google.com\/rss\/articles\/CBMiaEFVX3lxTE1IOWsxU0FmbVlURlI5QW4tSDBUSkw4dDFrb2NQME5SanlablkwenozSzhiRndPWWcxYUdickpKNlF2cG1TakZ5WlBXaXdvR2NhVjdPak5TOGFvZ19mMUEtREhzSWhweGRs?oc=5\" target=\"_blank\" rel=\"nofollow noopener\">Vid\u00e9o &#8211; Le Grand D\u00e9bat (RTN) : d\u00e9bat sur la restitution du patrimoine culturel du Niger<\/a>&nbsp;&nbsp;Nigerdiaspora<\/li>\n<li><a href=\"https:\/\/news.google.com\/rss\/articles\/CBMikAFBVV95cUxQR2c5U0FPRXdrX2hRc1h6WFEwTFU1YjFzWmNGWHVNRkJqdk9nQUxGQzNFSFJYWTFSVWsyTG1WQ1h3bUw0elRhdlB5RlF6cHNaVE5HUVhfQ3l3Tkpib0tqVG5jZG5hSWVDc3hwaUF3b3VUQ2k2QUpDVlV2ZWRWQXg3bElBQy1QQm5oN3ZCU3FVRkI?oc=5\" target=\"_blank\" rel=\"nofollow noopener\">Biens coloniaux : la France ne veut plus \u00eatre \u00ab\u00e0 la tra\u00eene\u00bb<\/a>&nbsp;&nbsp;Le Quotidien | Ind\u00e9pendant Luxembourgeois<\/li>\n<\/ol>\n","protected":false},"excerpt":{"rendered":"Le march\u00e9 des arts dits \u00ab premiers \u00bb sur ses gardes face aux \u00ab captations \u00bb d\u2019\u0153uvres africaines&nbsp;&nbsp;Le&hellip;\n","protected":false},"author":2,"featured_media":311940,"comment_status":"","ping_status":"","sticky":false,"template":"","format":"standard","meta":{"footnotes":""},"categories":[1358],"tags":[1348,1384,1385,1386,58,59,1011,27],"class_list":{"0":"post-311939","1":"post","2":"type-post","3":"status-publish","4":"format-standard","5":"has-post-thumbnail","7":"category-arts-et-design","8":"tag-arts","9":"tag-arts-and-design","10":"tag-arts-et-design","11":"tag-design","12":"tag-divertissement","13":"tag-entertainment","14":"tag-fr","15":"tag-france"},"share_on_mastodon":{"url":"https:\/\/pubeurope.com\/@fr\/115010977373192688","error":""},"_links":{"self":[{"href":"https:\/\/www.europesays.com\/fr\/wp-json\/wp\/v2\/posts\/311939","targetHints":{"allow":["GET"]}}],"collection":[{"href":"https:\/\/www.europesays.com\/fr\/wp-json\/wp\/v2\/posts"}],"about":[{"href":"https:\/\/www.europesays.com\/fr\/wp-json\/wp\/v2\/types\/post"}],"author":[{"embeddable":true,"href":"https:\/\/www.europesays.com\/fr\/wp-json\/wp\/v2\/users\/2"}],"replies":[{"embeddable":true,"href":"https:\/\/www.europesays.com\/fr\/wp-json\/wp\/v2\/comments?post=311939"}],"version-history":[{"count":0,"href":"https:\/\/www.europesays.com\/fr\/wp-json\/wp\/v2\/posts\/311939\/revisions"}],"wp:featuredmedia":[{"embeddable":true,"href":"https:\/\/www.europesays.com\/fr\/wp-json\/wp\/v2\/media\/311940"}],"wp:attachment":[{"href":"https:\/\/www.europesays.com\/fr\/wp-json\/wp\/v2\/media?parent=311939"}],"wp:term":[{"taxonomy":"category","embeddable":true,"href":"https:\/\/www.europesays.com\/fr\/wp-json\/wp\/v2\/categories?post=311939"},{"taxonomy":"post_tag","embeddable":true,"href":"https:\/\/www.europesays.com\/fr\/wp-json\/wp\/v2\/tags?post=311939"}],"curies":[{"name":"wp","href":"https:\/\/api.w.org\/{rel}","templated":true}]}}