{"id":311941,"date":"2025-08-11T16:03:15","date_gmt":"2025-08-11T16:03:15","guid":{"rendered":"https:\/\/www.europesays.com\/fr\/311941\/"},"modified":"2025-08-11T16:03:15","modified_gmt":"2025-08-11T16:03:15","slug":"lu-pour-vous-les-conseils-lectures-de-la-librairie-forum-de-louhans","status":"publish","type":"post","link":"https:\/\/www.europesays.com\/fr\/311941\/","title":{"rendered":"Lu pour vous. Les conseils lectures de la librairie Forum de Louhans"},"content":{"rendered":"<p>La librairie Forum \u00e0 Louhans vous propose trois livres afin de poursuivre votre \u00e9t\u00e9 en toute qui\u00e9tude\u00a0:<\/p>\n<p>  Finist\u00e8re , d\u2019Anne Berest, \u00e0 para\u00eetre le 20\u00a0ao\u00fbt<\/p>\n<p>M\u00e9langeant petite et grande histoire, Anne\u00a0Berest d\u00e9crit avec justesse et pudeur un autre pan de son histoire familiale bretonne. Sentiments cach\u00e9s, \u00e9motions viennent conforter son attachement au patrimoine familial.<\/p>\n<p>  Aimer , de Sarah Chiche, \u00e0 para\u00eetre le 21\u00a0ao\u00fbt<\/p>\n<p>Alexis et Margaux se rencontrent lors d\u2019un accident qui aurait pu s\u2019av\u00e9rer tragique pour l\u2019un des deux. Chacun grandit de son c\u00f4t\u00e9 avec ses joies et ses peines. Belle histoire d\u2019amour sous fond de sentiments profonds.<\/p>\n<p>  Les ombres du monde , de Michel Bussi, \u00e0 para\u00eetre le 14\u00a0ao\u00fbt<\/p>\n<p>Roman marquant emprunt par une p\u00e9riode tragique de l\u2019histoire. Personnages attachants qui vous guident peu \u00e0 peu vers une certaine v\u00e9rit\u00e9. \u00c9poustouflant.<\/p>\n","protected":false},"excerpt":{"rendered":"La librairie Forum \u00e0 Louhans vous propose trois livres afin de poursuivre votre \u00e9t\u00e9 en toute qui\u00e9tude\u00a0: Finist\u00e8re&hellip;\n","protected":false},"author":2,"featured_media":311942,"comment_status":"","ping_status":"","sticky":false,"template":"","format":"standard","meta":{"footnotes":""},"categories":[1357],"tags":[1379,1687,58,6238,59,107,1011,27,1380,2410,6236,6237],"class_list":{"0":"post-311941","1":"post","2":"type-post","3":"status-publish","4":"format-standard","5":"has-post-thumbnail","7":"category-livres","8":"tag-books","9":"tag-culture-loisirs","10":"tag-divertissement","11":"tag-edition-bresse","12":"tag-entertainment","13":"tag-fil-info","14":"tag-fr","15":"tag-france","16":"tag-livres","17":"tag-livres-bd","18":"tag-louhans","19":"tag-louhans-ville"},"share_on_mastodon":{"url":"https:\/\/pubeurope.com\/@fr\/115010981335853619","error":""},"_links":{"self":[{"href":"https:\/\/www.europesays.com\/fr\/wp-json\/wp\/v2\/posts\/311941","targetHints":{"allow":["GET"]}}],"collection":[{"href":"https:\/\/www.europesays.com\/fr\/wp-json\/wp\/v2\/posts"}],"about":[{"href":"https:\/\/www.europesays.com\/fr\/wp-json\/wp\/v2\/types\/post"}],"author":[{"embeddable":true,"href":"https:\/\/www.europesays.com\/fr\/wp-json\/wp\/v2\/users\/2"}],"replies":[{"embeddable":true,"href":"https:\/\/www.europesays.com\/fr\/wp-json\/wp\/v2\/comments?post=311941"}],"version-history":[{"count":0,"href":"https:\/\/www.europesays.com\/fr\/wp-json\/wp\/v2\/posts\/311941\/revisions"}],"wp:featuredmedia":[{"embeddable":true,"href":"https:\/\/www.europesays.com\/fr\/wp-json\/wp\/v2\/media\/311942"}],"wp:attachment":[{"href":"https:\/\/www.europesays.com\/fr\/wp-json\/wp\/v2\/media?parent=311941"}],"wp:term":[{"taxonomy":"category","embeddable":true,"href":"https:\/\/www.europesays.com\/fr\/wp-json\/wp\/v2\/categories?post=311941"},{"taxonomy":"post_tag","embeddable":true,"href":"https:\/\/www.europesays.com\/fr\/wp-json\/wp\/v2\/tags?post=311941"}],"curies":[{"name":"wp","href":"https:\/\/api.w.org\/{rel}","templated":true}]}}