{"id":311943,"date":"2025-08-11T16:04:23","date_gmt":"2025-08-11T16:04:23","guid":{"rendered":"https:\/\/www.europesays.com\/fr\/311943\/"},"modified":"2025-08-11T16:04:23","modified_gmt":"2025-08-11T16:04:23","slug":"romy-secret-story-annonce-se-retirer","status":"publish","type":"post","link":"https:\/\/www.europesays.com\/fr\/311943\/","title":{"rendered":"Romy (Secret Story) annonce se retirer"},"content":{"rendered":"<p>      R\u00e9sum\u00e9<\/p>\n<p>Romy, gagnante de Secret Story 13, annonce un retrait temporaire des r\u00e9seaux pour prendre du recul apr\u00e8s sa victoire marquante et remercie chaleureusement ses fans.<\/p>\n<p>        Sommaire<\/p>\n<p>Quand la cam\u00e9ra s\u2019\u00e9teint et que le public applaudit, reste une vie \u00e0 savourer hors des projecteurs. C\u2019est dans cette douce bulle que se trouve d\u00e9sormais <strong>Romy<\/strong>, grande gagnante de Secret Story 13. Apr\u00e8s des semaines palpitantes, rythm\u00e9es par les votes, les strat\u00e9gies et les confidences, la jeune femme a post\u00e9 un message empreint d\u2019\u00e9motion et de reconnaissance \u00e0 ses abonn\u00e9s. Et si elle se retire temporairement des r\u00e9seaux, elle nous ouvre, avec gr\u00e2ce, cette parenth\u00e8se si pr\u00e9cieuse qu\u2019est le temps de souffler, de r\u00e9aliser, de se retrouver.<\/p>\n<p>Une victoire qui d\u00e9passe l\u2019\u00e9cran <\/p>\n<p>Ce jeudi 7 ao\u00fbt 2025, <a href=\"https:\/\/www.public.fr\/victoire-de-romy-a-secret-story-gabriel-attal-sen-mele\" rel=\"nofollow noopener\" target=\"_blank\">Romy est entr\u00e9e dans l&rsquo;histoire de \u00ab\u00a0Secret Story\u00a0\u00bb<\/a> en remportant l&rsquo;\u00e9mission avec 72% des votes. Au lendemain de sa victoire, la jeune femme a encha\u00een\u00e9 les interviews et elle vient finalement de prendre la parole sur son compte Instagram pour la premi\u00e8re fois. <\/p>\n<p>\u00ab\u00a0Je suis sortie gagnante de Secret Story, et cette victoire, c&rsquo;est aussi la v\u00f4tre. Pendant toutes ces semaines, vous avez \u00e9t\u00e9 l\u00e0 : vous avez cru en moi, m&rsquo;avez port\u00e9e, soutenue, aim\u00e9e m\u00eame dans les moments de doute. Vous m&rsquo;avez donn\u00e9 la force de rester moi-m\u00eame, jusqu&rsquo;au bout. Je suis profond\u00e9ment touch\u00e9e et reconnaissante\u00a0\u00bb a-t-elle avanc\u00e9. <\/p>\n<p>Un moment pour soi\u2026 avant d\u2019\u00e9crire la suite<\/p>\n<p>Toujours aussi humble, la jeune femme n&rsquo;a pas manqu\u00e9 de remercier ses fans :  \u00ab\u00a0Merci pour chaque vote, chaque message, chaque pens\u00e9e positive. Ce qui se passe est incroyable&#8230;\u00a0\u00bb. <\/p>\n<p>Mais s\u00fbrement tr\u00e8s fatigu\u00e9e et un peu surprise de tout l&rsquo;amour qu&rsquo;elle re\u00e7oit, elle a annonc\u00e9 se retirer quelque temps : \u00ab\u00a0Il me faut un peu de temps, pour prendre du recul et r\u00e9aliser vraiment l&rsquo;ampleur de tout \u00e7a\u00a0\u00bb.<\/p>\n<p>Mais que ses fans se rassurent, ce n&rsquo;est que temporaire : \u00ab\u00a0Ce n&rsquo;est pas la fin de l&rsquo;histoire&#8230; juste le d\u00e9but d&rsquo;une nouvelle page ensemble. Je vous aime fort\u00a0\u00bb a-t-elle conclu. Si certains candidats comme Constance, Pimprenelle ou encore Adrien, aspirent d\u00e9j\u00e0 \u00e0 \u00eatre influenceurs, Romy avait quant \u00e0 elle annonc\u00e9 son intention de partir en vacances et de r\u00e9aliser les projets qui lui tiennent \u00e0 coeur \u00e0 son retour&#8230; et on a d\u00e9j\u00e0 h\u00e2te de les d\u00e9couvrir ! <\/p>\n<p><img loading=\"lazy\" decoding=\"async\" width=\"681\" height=\"1024\" src=\"data:image\/svg+xml,%3Csvg%20xmlns=\" http:=\"\" alt=\"Romy (Secret Story) annonce se retirer\" data-lazy- data-lazy- data-lazy-src=\"https:\/\/www.europesays.com\/fr\/wp-content\/uploads\/2025\/08\/Capture-decran-2025-08-11-a-15.37.20-681x1024.png\"\/><\/p>\n<p>      Mentionn\u00e9s dans cet article<\/p>\n<p>      Sur le m\u00eame sujet<\/p>\n","protected":false},"excerpt":{"rendered":"R\u00e9sum\u00e9 Romy, gagnante de Secret Story 13, annonce un retrait temporaire des r\u00e9seaux pour prendre du recul apr\u00e8s&hellip;\n","protected":false},"author":2,"featured_media":311944,"comment_status":"","ping_status":"","sticky":false,"template":"","format":"standard","meta":{"footnotes":""},"categories":[1356],"tags":[58,59,1011,27,35122,29901,252,1364],"class_list":{"0":"post-311943","1":"post","2":"type-post","3":"status-publish","4":"format-standard","5":"has-post-thumbnail","7":"category-television","8":"tag-divertissement","9":"tag-entertainment","10":"tag-fr","11":"tag-france","12":"tag-romy","13":"tag-secret-story","14":"tag-television","15":"tag-tv"},"share_on_mastodon":{"url":"https:\/\/pubeurope.com\/@fr\/115010985221668642","error":""},"_links":{"self":[{"href":"https:\/\/www.europesays.com\/fr\/wp-json\/wp\/v2\/posts\/311943","targetHints":{"allow":["GET"]}}],"collection":[{"href":"https:\/\/www.europesays.com\/fr\/wp-json\/wp\/v2\/posts"}],"about":[{"href":"https:\/\/www.europesays.com\/fr\/wp-json\/wp\/v2\/types\/post"}],"author":[{"embeddable":true,"href":"https:\/\/www.europesays.com\/fr\/wp-json\/wp\/v2\/users\/2"}],"replies":[{"embeddable":true,"href":"https:\/\/www.europesays.com\/fr\/wp-json\/wp\/v2\/comments?post=311943"}],"version-history":[{"count":0,"href":"https:\/\/www.europesays.com\/fr\/wp-json\/wp\/v2\/posts\/311943\/revisions"}],"wp:featuredmedia":[{"embeddable":true,"href":"https:\/\/www.europesays.com\/fr\/wp-json\/wp\/v2\/media\/311944"}],"wp:attachment":[{"href":"https:\/\/www.europesays.com\/fr\/wp-json\/wp\/v2\/media?parent=311943"}],"wp:term":[{"taxonomy":"category","embeddable":true,"href":"https:\/\/www.europesays.com\/fr\/wp-json\/wp\/v2\/categories?post=311943"},{"taxonomy":"post_tag","embeddable":true,"href":"https:\/\/www.europesays.com\/fr\/wp-json\/wp\/v2\/tags?post=311943"}],"curies":[{"name":"wp","href":"https:\/\/api.w.org\/{rel}","templated":true}]}}