{"id":311945,"date":"2025-08-11T16:05:12","date_gmt":"2025-08-11T16:05:12","guid":{"rendered":"https:\/\/www.europesays.com\/fr\/311945\/"},"modified":"2025-08-11T16:05:12","modified_gmt":"2025-08-11T16:05:12","slug":"madonna-et-tupac-une-passion-sous-pression-au-debut-des-annees-1990","status":"publish","type":"post","link":"https:\/\/www.europesays.com\/fr\/311945\/","title":{"rendered":"Madonna et Tupac, une passion sous pression au d\u00e9but des ann\u00e9es 1990"},"content":{"rendered":"<p>    Raquel Welch, Madonna et Tupac Shakur \u00e0 la soir\u00e9e du magazine Interview le 1er mars 1994 \u00e0 New York.<br \/>\n                Patrick McMullan \/ Patrick McMullan via Getty Image<\/p>\n<p><strong>Amoureux fous, les duos de l\u2019\u00e9t\u00e9. 1\/4 &#8211; <\/strong>On peut \u00eatre riche, c\u00e9l\u00e8bre et succomber \u00e0 un coup de foudre\u00a0: de nombreux duos d\u00e9tonants qui ont marqu\u00e9 la pop culture. Aujourd\u2019hui, retour sur histoire d\u2019amour impossible de la reine de la pop et du prince du rap, dans les ann\u00e9es 1990.<\/p>\n<p class=\"fig-paragraph\">Juillet 2019. Le marteau du commissaire-priseur s\u2019abat\u00a0: 100\u200a000 dollars pour une lettre de trois pages. L\u2019acqu\u00e9reur vient de mettre la main sur l\u2019un des secrets les mieux gard\u00e9s des ann\u00e9es 1990\u00a0: la correspondance de Tupac Shakur \u2013 connu sous le nom de sc\u00e8ne 2Pac \u2013 \u00e0\u00a0<a href=\"https:\/\/madame.lefigaro.fr\/tag\/madonna\" target=\"_blank\" data-fig-type=\"Keyword\" rel=\"sponsored noopener\" data-gtm-custom-categorie=\"navigation\" data-gtm-custom-action=\"crossclick\" data-gtm-custom-label=\"Contextuel\" data-gtm-event=\"customEventSPE\" data-fig-domain=\"MADAME\">Madonna<\/a>, depuis la prison de Dannemora, dans l\u2019\u00c9tat de New York. Dans ce courrier, dat\u00e9 du 15 janvier 1995, le rappeur r\u00e9v\u00e8le \u00e0 la chanteuse combien elle compte pour lui et s\u2019excuse de ne pas s\u2019\u00eatre toujours bien comport\u00e9 avec elle. Entre eux, tout commence le 9 mars 1993, aux Soul Train Music Awards. Madonna, 34 ans, r\u00e8gne alors sur la plan\u00e8te Pop. Elle est provoc et ses tubes font un carton. Tupac, lui, a 21 ans et vient d\u2019exploser avec son rap engag\u00e9 qui d\u00e9nonce les in\u00e9galit\u00e9s. L\u2019actrice Rosie Perez assiste \u00e0 leur rencontre dans la file d\u2019attente des toilettes. \u00c0 l\u2019animateur Andy Cohen, elle raconte en 2022\u00a0: \u00abMadonna me lance\u00a0: \u201cTu couches avec lui\u00a0?\u201d Je r\u00e9ponds non. Elle encha\u00eene\u00a0: \u201cArrange-moi un coup. Dis-lui que je veux coucher avec lui maintenant.\u201d Alors, je vais voir Tupac\u00a0: \u201cMadonna veut coucher avec toi.\u201d Il me r\u00e9pond\u00a0: \u201cElle est o\u00f9\u00a0?\u201d Et le tour \u00e9tait jou\u00e9.\u00bb<\/p>\n<p>Une liaison dans l\u2019ombre<\/p>\n<p class=\"fig-paragraph\">Madonna troque aussit\u00f4t ses tenues glamours contre des bandanas et des looks hip-hop. Mais sa liaison avec\u00a0<a href=\"http:\/\/madame.lefigaro.fr\/celebrites\/actu-people\/je-n-ai-jamais-voulu-te-faire-de-mal-retour-sur-l-histoire-d-amour-impossible-entre-madonna-et-tupac-20241125\" data-fig-type=\"Article\" data-gtm-custom-categorie=\"navigation\" data-gtm-custom-action=\"crossclick\" data-gtm-custom-label=\"Contextuel\" data-gtm-event=\"customEventSPE\" data-fig-domain=\"MADAME\" target=\"_blank\" rel=\"noopener\">Tupac<\/a>\u00a0reste officieuse. Une photo publique d\u2019eux existe toutefois\u00a0: elle a \u00e9t\u00e9 prise en mars 1994 lors d\u2019une soir\u00e9e du\u00a0<a href=\"https:\/\/www.interviewmagazine.com\/\" target=\"_blank\" rel=\"sponsored noopener\" data-gtm-custom-categorie=\"navigation\" data-gtm-custom-action=\"crossclick\" data-gtm-custom-label=\"Contextuel\" data-gtm-event=\"customEventSPE\">magazine Interview<\/a> . On y voit le rappeur au bandana attabl\u00e9 avec une Madonna brune, les cheveux sagement attach\u00e9s en chignon, le m\u00eame piercing \u00e0 la narine gauche que Tupac. Seulement, la pression sociale a raison de leur couple. L\u2019interpr\u00e8te de California Love, \u00e9lev\u00e9 par une m\u00e8re Black Panther, d\u00e9couvre les limites de l\u2019amour interracial. L\u2019heure de la rupture a sonn\u00e9.<\/p>\n<p>                                    <a class=\"fig-a11y-skip a11y-hidden\" href=\"#fig-a11y-skip-main-inarticle\"><br \/>\n        Passer la publicit\u00e9<br \/>\n    <\/a><\/p>\n<p>La lettre qui dit tout<\/p>\n<p class=\"fig-paragraph\">En 1995, Tupac croupit en prison pour viol, un crime qu\u2019il a toujours ni\u00e9. Depuis sa cellule de Dannemora, il \u00e9crit une derni\u00e8re lettre d\u2019amour \u00e0 Madonna. \u00abPour toi, \u00eatre vue avec un homme noir n\u2019aurait d\u2019aucune mani\u00e8re compromis ta carri\u00e8re, \u00e7a aurait m\u00eame pu te montrer plus ouverte. Moi, j\u2019avais l\u2019impression que j\u2019allais laisser tomber la moiti\u00e9 des gens qui ont fait de moi ce que je suis aujourd\u2019hui.\u00bb Le rappeur avoue sa vuln\u00e9rabilit\u00e9\u00a0: \u00abJe n\u2019ai jamais voulu te faire de mal. En fait, j\u2019\u00e9tais \u00e0 fond sur toi, mais j\u2019ai eu peur.\u00a0\u00bb Ces mots seront peut-\u00eatre ses derniers pour Madonna.\u00a0<a href=\"http:\/\/www.lefigaro.fr\/musique\/qui-est-duane-keffe-d-davis-l-homme-inculpe-pour-le-meurtre-de-tupac-shakur-20231010\" data-fig-type=\"Article\" data-gtm-custom-categorie=\"navigation\" data-gtm-custom-action=\"crossclick\" data-gtm-custom-label=\"Contextuel\" data-gtm-event=\"customEventSPE\" data-fig-domain=\"LEFIGARO\" target=\"_blank\" rel=\"noopener\">Tupac meurt le 13 septembre 1996<\/a>, \u00e0 Las Vegas, assassin\u00e9 apr\u00e8s un combat de Mike Tyson. Il avait 25 ans.<\/p>\n","protected":false},"excerpt":{"rendered":"Raquel Welch, Madonna et Tupac Shakur \u00e0 la soir\u00e9e du magazine Interview le 1er mars 1994 \u00e0 New&hellip;\n","protected":false},"author":2,"featured_media":311946,"comment_status":"","ping_status":"","sticky":false,"template":"","format":"standard","meta":{"footnotes":""},"categories":[1355],"tags":[1193,58,59,1011,27,6239,1361,873],"class_list":{"0":"post-311945","1":"post","2":"type-post","3":"status-publish","4":"format-standard","5":"has-post-thumbnail","7":"category-musique","8":"tag-couple","9":"tag-divertissement","10":"tag-entertainment","11":"tag-fr","12":"tag-france","13":"tag-madonna","14":"tag-music","15":"tag-musique"},"share_on_mastodon":{"url":"https:\/\/pubeurope.com\/@fr\/115010989385831768","error":""},"_links":{"self":[{"href":"https:\/\/www.europesays.com\/fr\/wp-json\/wp\/v2\/posts\/311945","targetHints":{"allow":["GET"]}}],"collection":[{"href":"https:\/\/www.europesays.com\/fr\/wp-json\/wp\/v2\/posts"}],"about":[{"href":"https:\/\/www.europesays.com\/fr\/wp-json\/wp\/v2\/types\/post"}],"author":[{"embeddable":true,"href":"https:\/\/www.europesays.com\/fr\/wp-json\/wp\/v2\/users\/2"}],"replies":[{"embeddable":true,"href":"https:\/\/www.europesays.com\/fr\/wp-json\/wp\/v2\/comments?post=311945"}],"version-history":[{"count":0,"href":"https:\/\/www.europesays.com\/fr\/wp-json\/wp\/v2\/posts\/311945\/revisions"}],"wp:featuredmedia":[{"embeddable":true,"href":"https:\/\/www.europesays.com\/fr\/wp-json\/wp\/v2\/media\/311946"}],"wp:attachment":[{"href":"https:\/\/www.europesays.com\/fr\/wp-json\/wp\/v2\/media?parent=311945"}],"wp:term":[{"taxonomy":"category","embeddable":true,"href":"https:\/\/www.europesays.com\/fr\/wp-json\/wp\/v2\/categories?post=311945"},{"taxonomy":"post_tag","embeddable":true,"href":"https:\/\/www.europesays.com\/fr\/wp-json\/wp\/v2\/tags?post=311945"}],"curies":[{"name":"wp","href":"https:\/\/api.w.org\/{rel}","templated":true}]}}