{"id":311949,"date":"2025-08-11T16:07:10","date_gmt":"2025-08-11T16:07:10","guid":{"rendered":"https:\/\/www.europesays.com\/fr\/311949\/"},"modified":"2025-08-11T16:07:10","modified_gmt":"2025-08-11T16:07:10","slug":"cet-oncologue-recommande-de-bannir-ces-2-produits-courants-de-la-salle-de-bains","status":"publish","type":"post","link":"https:\/\/www.europesays.com\/fr\/311949\/","title":{"rendered":"cet oncologue recommande de bannir ces 2 produits courants de la salle de bains"},"content":{"rendered":"<p>Le cancer du c\u00f4lon gagne du terrain, notamment chez les moins de 50 ans. Un oncologue met en garde contre deux produits d\u2019hygi\u00e8ne utilis\u00e9s au quotidien. Explications.<\/p>\n<p>Le <a href=\"https:\/\/www.pleinevie.fr\/sante\/explosion-du-nombre-de-cancer-du-colon-les-chercheurs-pensent-avoir-decouvert-la-bacterie-coupable-de-cette-epidemie-160358.html\" target=\"_blank\" rel=\"noopener\">cancer du c\u00f4lon<\/a> est d\u00e9sormais l\u2019un des plus fr\u00e9quents en France, avec plus de 40 000 cas recens\u00e9s chaque ann\u00e9e. Si 95 % des diagnostics concernent des patients de plus de 50 ans, les m\u00e9decins s\u2019inqui\u00e8tent d\u2019une <strong>hausse pr\u00e9occupante chez les plus jeunes<\/strong>. Face \u00e0 cette progression, certains sp\u00e9cialistes pointent du doigt des habitudes anodines, notamment dans nos salles de bains.<\/p>\n<p> \t\t\t  Cancer du c\u00f4lon : deux produits d\u2019hygi\u00e8ne mis en cause par un sp\u00e9cialiste   Le bain de bouche : un ennemi discret pour le microbiote  <\/p>\n<p>Tr\u00e8s utilis\u00e9 pour compl\u00e9ter le brossage des dents, le <strong>bain de bouche<\/strong> est pl\u00e9biscit\u00e9 pour ses vertus antibact\u00e9riennes. Pourtant, certaines formules \u00e9liminent aussi les <strong>bonnes bact\u00e9ries<\/strong> de la bouche et du syst\u00e8me digestif. \u00c0 long terme, cette alt\u00e9ration du <strong>microbiote intestinal<\/strong> pourrait affaiblir nos d\u00e9fenses naturelles et favoriser les inflammations du c\u00f4lon. L\u2019oncologue pr\u00e9f\u00e8re d\u00e9sormais exclure ce produit de sa routine quotidienne et recommande d\u2019opter pour des alternatives plus douces, rapporte <a href=\"https:\/\/www.aufeminin.com\/sante-femme\/cancer-du-colon-ces-2-produits-d-hygiene-a-bannir-absolument-de-sa-salle-de-bain-selon-un-oncologue-s4111656.html\" target=\"_blank\" rel=\"noopener\">Au F\u00e9minin<\/a>.<\/p>\n<p>     Lingettes intimes : un danger insoup\u00e7onn\u00e9 pour les muqueuses  <\/p>\n<p>Courantes dans les foyers, les <strong>lingettes intimes<\/strong> sont souvent utilis\u00e9es pour leur c\u00f4t\u00e9 pratique. Toutefois, selon cette sp\u00e9cialiste, elles sont responsables de nombreuses <strong>dermatites p\u00e9rianales<\/strong> et irritations, notamment \u00e0 cause de l\u2019humidit\u00e9 qu\u2019elles laissent sur la peau. Cette zone \u00e9tant sensible, l\u2019usage r\u00e9p\u00e9t\u00e9 de lingettes pourrait provoquer des d\u00e9s\u00e9quilibres bact\u00e9riens. L\u2019oncologue recommande de privil\u00e9gier le <strong>papier toilette sec<\/strong> ou l\u2019eau pour un nettoyage plus sain et sans risque.<\/p>\n<p>  Un usage quotidien probl\u00e9matique pour les plus jeunes  <\/p>\n<p>Chez les enfants comme chez certaines femmes, ces produits sont utilis\u00e9s <strong>quasi quotidiennement<\/strong>. Pourtant, l\u2019oncologue rappelle qu\u2019un exc\u00e8s d\u2019hygi\u00e8ne peut se retourner contre l\u2019organisme. En modifiant la flore locale, ils facilitent la <strong>prolif\u00e9ration bact\u00e9rienne<\/strong>, susceptible de d\u00e9clencher des inflammations remontant jusqu\u2019au rectum. Elle incite \u00e0 limiter leur usage, surtout chez les plus jeunes, en pr\u00e9f\u00e9rant des <strong>solutions naturelles<\/strong> comme l\u2019eau ou un bidet. Par ailleurs, la consommation de certaines <a href=\"https:\/\/www.pleinevie.fr\/sante\/cancer-du-colon-ces-huiles-de-cuisson-courantes-sont-les-plus-a-risque-selon-une-nouvelle-etude-143799.html\" target=\"_blank\" rel=\"noopener\">huiles de cuisson<\/a> serait aussi \u00e0 l\u2019origine de ce type de c\u00f4lon selon une \u00e9tude.<\/p>\n<p>     Cancer du c\u00f4lon : la pr\u00e9vention passe aussi par l\u2019observation   Des sympt\u00f4mes \u00e0 conna\u00eetre pour un d\u00e9pistage pr\u00e9coce  <\/p>\n<p>Le <strong>cancer colorectal<\/strong> \u00e9volue lentement, ce qui permet une d\u00e9tection pr\u00e9coce s\u2019il est bien surveill\u00e9. Il est crucial de pr\u00eater attention \u00e0 des <a href=\"https:\/\/www.pleinevie.fr\/sante\/cancer-colorectal-ces-premiers-symptomes-a-ne-jamais-ignorer-selon-des-patients-touches-avant-40-ans-159111.html\" target=\"_blank\" rel=\"noopener\">sympt\u00f4mes<\/a> comme les <strong>douleurs abdominales persistantes<\/strong>, les diarrh\u00e9es durant plus de trois semaines ou la pr\u00e9sence de sang dans les selles. Dans 90 % des cas, ce cancer peut \u00eatre <strong>gu\u00e9ri<\/strong> s\u2019il est d\u00e9tect\u00e9 \u00e0 temps, d\u2019o\u00f9 l\u2019importance de ne pas n\u00e9gliger les premiers signes.<\/p>\n<p>  L\u2019\u00e2ge n\u2019est plus un crit\u00e8re aussi d\u00e9terminant  <\/p>\n<p>Traditionnellement observ\u00e9 chez les <strong>plus de 50 ans<\/strong>, le cancer du c\u00f4lon appara\u00eet de plus en plus t\u00f4t. Une tendance inqui\u00e9tante selon les sp\u00e9cialistes, qui suspectent une <strong>multiplication des facteurs environnementaux<\/strong> : alimentation, s\u00e9dentarit\u00e9, perturbateurs endocriniens&#8230; Il devient donc indispensable de <strong>surveiller les jeunes adultes<\/strong> pr\u00e9sentant des sympt\u00f4mes digestifs inhabituels, m\u00eame sans ant\u00e9c\u00e9dents familiaux.<\/p>\n<p>     Le r\u00f4le essentiel de l\u2019alimentation et du microbiote  <\/p>\n<p>Le <strong>microbiote intestinal<\/strong> joue un r\u00f4le cl\u00e9 dans la pr\u00e9vention des maladies digestives. Certains produits d\u2019hygi\u00e8ne, en perturbant cet \u00e9quilibre, peuvent augmenter le risque de <strong>d\u00e9veloppement tumoral<\/strong>. Pour renforcer sa flore, il est conseill\u00e9 d\u2019avoir une alimentation riche en <strong>fibres et probiotiques<\/strong>, tout en \u00e9vitant les produits ultra-transform\u00e9s. Pr\u00e9server son microbiote est aujourd\u2019hui une strat\u00e9gie reconnue contre le cancer du c\u00f4lon.<\/p>\n","protected":false},"excerpt":{"rendered":"Le cancer du c\u00f4lon gagne du terrain, notamment chez les moins de 50 ans. Un oncologue met en&hellip;\n","protected":false},"author":2,"featured_media":311950,"comment_status":"","ping_status":"","sticky":false,"template":"","format":"standard","meta":{"footnotes":""},"categories":[10],"tags":[10281,1011,27,72,71],"class_list":{"0":"post-311949","1":"post","2":"type-post","3":"status-publish","4":"format-standard","5":"has-post-thumbnail","7":"category-sante","8":"tag-buzz-nonli","9":"tag-fr","10":"tag-france","11":"tag-health","12":"tag-sante"},"share_on_mastodon":{"url":"https:\/\/pubeurope.com\/@fr\/115010997041253690","error":""},"_links":{"self":[{"href":"https:\/\/www.europesays.com\/fr\/wp-json\/wp\/v2\/posts\/311949","targetHints":{"allow":["GET"]}}],"collection":[{"href":"https:\/\/www.europesays.com\/fr\/wp-json\/wp\/v2\/posts"}],"about":[{"href":"https:\/\/www.europesays.com\/fr\/wp-json\/wp\/v2\/types\/post"}],"author":[{"embeddable":true,"href":"https:\/\/www.europesays.com\/fr\/wp-json\/wp\/v2\/users\/2"}],"replies":[{"embeddable":true,"href":"https:\/\/www.europesays.com\/fr\/wp-json\/wp\/v2\/comments?post=311949"}],"version-history":[{"count":0,"href":"https:\/\/www.europesays.com\/fr\/wp-json\/wp\/v2\/posts\/311949\/revisions"}],"wp:featuredmedia":[{"embeddable":true,"href":"https:\/\/www.europesays.com\/fr\/wp-json\/wp\/v2\/media\/311950"}],"wp:attachment":[{"href":"https:\/\/www.europesays.com\/fr\/wp-json\/wp\/v2\/media?parent=311949"}],"wp:term":[{"taxonomy":"category","embeddable":true,"href":"https:\/\/www.europesays.com\/fr\/wp-json\/wp\/v2\/categories?post=311949"},{"taxonomy":"post_tag","embeddable":true,"href":"https:\/\/www.europesays.com\/fr\/wp-json\/wp\/v2\/tags?post=311949"}],"curies":[{"name":"wp","href":"https:\/\/api.w.org\/{rel}","templated":true}]}}