{"id":311953,"date":"2025-08-11T16:09:10","date_gmt":"2025-08-11T16:09:10","guid":{"rendered":"https:\/\/www.europesays.com\/fr\/311953\/"},"modified":"2025-08-11T16:09:10","modified_gmt":"2025-08-11T16:09:10","slug":"jai-le-grand-plaisir-de-vous-annoncer-laura-smet-et-tomer-sisley-lannonce-qui-va-faire-grand-bruit","status":"publish","type":"post","link":"https:\/\/www.europesays.com\/fr\/311953\/","title":{"rendered":"\u00ab\u00a0J\u2019ai le grand plaisir de vous annoncer\u2026\u00a0\u00bb, Laura Smet et Tomer Sisley, l\u2019annonce qui va faire grand bruit"},"content":{"rendered":"<p>C&rsquo;est un projet qu&rsquo;ils gardaient secret depuis plus d&rsquo;un an et demi. Du 9 avril au 1er ao\u00fbt 2024, Laura Smet et Tomer Sisley <a href=\"https:\/\/www.public.fr\/laura-smet-meconnaissable-la-fille-de-johnny-defiguree-par-une-enorme-cicatrice\" target=\"_blank\" rel=\"noopener\">ne se sont pas quitt\u00e9s<\/a>. <strong>Les deux acteurs ont \u00e9t\u00e9 choisis pour incarner les r\u00f4les-titres<\/strong> d&rsquo;une nouvelle s\u00e9rie \u00e9v\u00e8nement de France T\u00e9l\u00e9visions. Tourn\u00e9e \u00e0 Paris, \u00e0 Bruxelles et en r\u00e9gion Occitanie, cette s\u00e9rie est inspir\u00e9e d&rsquo;un roman de science-fiction \u00e9crit par Olivier Norek en 2019 aux \u00e9ditions Michel Lafon. <strong>Nom de code ? Surface<\/strong> !<\/p>\n<p>Sur Instagram, Laura Smet a partag\u00e9 la grande nouvelle : \u00ab\u00a0J&rsquo;ai le grand plaisir de vous annoncer que <strong>la s\u00e9rie Surface sortira sur France 2 le 1er septembre prochain<\/strong> (\u2026) Cette s\u00e9rie sera sur six \u00e9pisodes de 52 minutes, et j&rsquo;en suis extr\u00eamement fi\u00e8re\u00a0\u00bb s&rsquo;es-elle ainsi r\u00e9jouie. Effectivement, dans un communiqu\u00e9 de presse, France 2 a annonc\u00e9 l&rsquo;arriv\u00e9e de Surface sur ses antennes d\u00e8s le lundi 1er septembre, <strong>et pour trois lundis cons\u00e9cutifs<\/strong>.<\/p>\n<p>Une histoire d&rsquo;amour particuli\u00e8re entre Laura Smet et France 2<\/p>\n<p>Cinq ans apr\u00e8s <a href=\"https:\/\/www.public.fr\/la-garconne-laura-smet-pas-credible-les-internautes-perturbes-par-certains-details\" target=\"_blank\" rel=\"noopener\">La Gar\u00e7onne, une autre mini-s\u00e9rie<\/a> qu&rsquo;elle a port\u00e9e, <strong>Laura Smet est de retour<\/strong> sur France 2 dans un r\u00f4le sur-mesure. Pour ce faire, elle va devoir donner la r\u00e9plique \u00e0 Tomer Sisley, qui a lui aussi brill\u00e9 sur le service public il y a quelques ann\u00e9es <a href=\"https:\/\/www.public.fr\/tomer-sisley-un-horrible-accident-de-moto\" target=\"_blank\" rel=\"noopener\">avec la s\u00e9rie Vortex<\/a>. Pour le r\u00e9alisateur, Slimane-Baptiste Berhoun, <strong>ces choix pris sont les bons<\/strong> !<\/p>\n<p>\u00ab\u00a0Je ne connaissais pas Laura Smet. Mais d\u00e8s le casting, j&rsquo;ai trouv\u00e9 <strong>qu&rsquo;elle d\u00e9gageait quelque chose de magn\u00e9tique<\/strong>\u00a0\u00bb a ainsi d\u00e9clar\u00e9 le r\u00e9alisateur \u00e0 Cin\u00e9-T\u00e9l\u00e9-Revue. Avant de poursuivre : \u00ab\u00a0Elle a ensuite fait des formations, appris \u00e0 se d\u00e9placer sous l&rsquo;eau. Elle n&rsquo;avait jamais fait \u00e7a. Mais elle a \u00e9t\u00e9 tr\u00e8s vite \u00e0 l&rsquo;aise. <strong>Elle peut tout faire, c&rsquo;est vraiment quelqu&rsquo;un sur qui on peut compter<\/strong>\u00ab\u00a0.<\/p>\n<p>Le squelette d&rsquo;un enfant va remonter \u00e0 la surface<\/p>\n<p>Dans Surface, Laura Smet est No\u00e9mie, une capitaine de police parisienne qui est mut\u00e9e en Occitanie <strong>apr\u00e8s une intervention qui a d\u00e9figur\u00e9 la moiti\u00e9 de son visage<\/strong>. Mais sa mission de convalescence prend une sombre tournure&#8230; Alors qu&rsquo;elle \u00e9tait initialement charg\u00e9e de rapporter l&rsquo;activit\u00e9 du commissariat et son \u00e9ventuelle fermeture, No\u00e9mie se retrouve plong\u00e9e dans une affaire de de disparition datant de vingt ans. <strong>En effet, un f\u00fbt contenant le squelette d&rsquo;un enfant remonte \u00e0 la surface<\/strong> du village englouti.<\/p>\n<p>Pour cette s\u00e9rie \u00e9v\u00e8nement, Laura Smet et Tomer Sisley ont eu une pr\u00e9paration diff\u00e9rente des autres tournages. <strong>Les deux acteurs ont d\u00fb prendre des cours de plong\u00e9e<\/strong>, et n&rsquo;ont eu de cesse de nager ! Comme il le raconte \u00e0 Cin\u00e9-T\u00e9l\u00e9-Revue, le tournage de Surface a \u00e9t\u00e9 difficile pour Tomer Sisley&#8230; \u00ab\u00a0Ce qui fatigue le plus, c&rsquo;est de descendre, remonter, descendre, remonter&#8230; \u00c7a tue. <strong>J&rsquo;ai commenc\u00e9 \u00e0 faire de la plong\u00e9e quand j&rsquo;avais seize ans<\/strong>. \u00c7a fait un peu peu partie de mon ADN. Sans trop d&rsquo;entra\u00eener, je tiens presque trois minutes en apn\u00e9e\u00a0\u00bb s&rsquo;est-il ainsi enorgueilli.<\/p>\n<p>Mais <a href=\"https:\/\/vsd.fr\/64172-cest-une-connerie-tomer-sisley-regrette-davoir-decline-un-role-dans-un-blockbuster-hollywoodien\/\" target=\"_blank\" rel=\"noopener\">Tomer Sisley<\/a> a toutefois eu une grosse frayeur en plein tournage&#8230; <strong>\u00ab\u00a0Une grosse quinte de toux \u00e0 9 m\u00e8tres de profondeur\u00a0\u00bb<\/strong> l&rsquo;a compl\u00e8tement paralys\u00e9. Heureusement, les \u00e9quipes autour de lui lui ont permis de ne pas paniquer : \u00ab\u00a0Je ne me suis pas vu mourir, parce qu&rsquo;on est bien entour\u00e9&#8230; <strong>Mais j&rsquo;ai eu du mal \u00e0 garder mon sang-froid habituel<\/strong>\u00ab\u00a0. Le rendu de cette s\u00e9rie \u00e9v\u00e8nement est \u00e0 ne pas rater !<\/p>\n<p>      Mentionn\u00e9s dans cet article<\/p>\n<p>      Sur le m\u00eame sujet<\/p>\n","protected":false},"excerpt":{"rendered":"C&rsquo;est un projet qu&rsquo;ils gardaient secret depuis plus d&rsquo;un an et demi. Du 9 avril au 1er ao\u00fbt&hellip;\n","protected":false},"author":2,"featured_media":311954,"comment_status":"","ping_status":"","sticky":false,"template":"","format":"standard","meta":{"footnotes":""},"categories":[8],"tags":[58,59,1011,27,594,15910,17398,41772],"class_list":{"0":"post-311953","1":"post","2":"type-post","3":"status-publish","4":"format-standard","5":"has-post-thumbnail","7":"category-divertissement","8":"tag-divertissement","9":"tag-entertainment","10":"tag-fr","11":"tag-france","12":"tag-france-2","13":"tag-laura-smet","14":"tag-serie-televisee","15":"tag-tomer-sisley"},"share_on_mastodon":{"url":"https:\/\/pubeurope.com\/@fr\/115011005170971350","error":""},"_links":{"self":[{"href":"https:\/\/www.europesays.com\/fr\/wp-json\/wp\/v2\/posts\/311953","targetHints":{"allow":["GET"]}}],"collection":[{"href":"https:\/\/www.europesays.com\/fr\/wp-json\/wp\/v2\/posts"}],"about":[{"href":"https:\/\/www.europesays.com\/fr\/wp-json\/wp\/v2\/types\/post"}],"author":[{"embeddable":true,"href":"https:\/\/www.europesays.com\/fr\/wp-json\/wp\/v2\/users\/2"}],"replies":[{"embeddable":true,"href":"https:\/\/www.europesays.com\/fr\/wp-json\/wp\/v2\/comments?post=311953"}],"version-history":[{"count":0,"href":"https:\/\/www.europesays.com\/fr\/wp-json\/wp\/v2\/posts\/311953\/revisions"}],"wp:featuredmedia":[{"embeddable":true,"href":"https:\/\/www.europesays.com\/fr\/wp-json\/wp\/v2\/media\/311954"}],"wp:attachment":[{"href":"https:\/\/www.europesays.com\/fr\/wp-json\/wp\/v2\/media?parent=311953"}],"wp:term":[{"taxonomy":"category","embeddable":true,"href":"https:\/\/www.europesays.com\/fr\/wp-json\/wp\/v2\/categories?post=311953"},{"taxonomy":"post_tag","embeddable":true,"href":"https:\/\/www.europesays.com\/fr\/wp-json\/wp\/v2\/tags?post=311953"}],"curies":[{"name":"wp","href":"https:\/\/api.w.org\/{rel}","templated":true}]}}