{"id":311957,"date":"2025-08-11T16:11:12","date_gmt":"2025-08-11T16:11:12","guid":{"rendered":"https:\/\/www.europesays.com\/fr\/311957\/"},"modified":"2025-08-11T16:11:12","modified_gmt":"2025-08-11T16:11:12","slug":"le-fonds-souverain-de-norvege-le-plus-important-au-monde-annonce-vendre-ses-parts-dans-11-entreprises-israeliennes","status":"publish","type":"post","link":"https:\/\/www.europesays.com\/fr\/311957\/","title":{"rendered":"Le fonds souverain de Norv\u00e8ge, le plus important au monde, annonce vendre ses parts dans 11 entreprises isra\u00e9liennes"},"content":{"rendered":"<p>                          <img loading=\"lazy\" decoding=\"async\" src=\"https:\/\/www.europesays.com\/fr\/wp-content\/uploads\/2025\/08\/c22cebb_upload-1-sfragnnzz7d3-000-36kx42t.jpg\" alt=\"Un avion de chasse isra\u00e9lien, sur une base a\u00e9rienne isra\u00e9lienne, le 26\u00a0octobre 2024. Le fonds souverain norv\u00e9gien va annuler sa participation dans un fabricant isra\u00e9lien de moteurs d\u2019avions de chasse.\"   width=\"664\" height=\"443\"\/>    Un avion de chasse isra\u00e9lien, sur une base a\u00e9rienne isra\u00e9lienne, le 26\u00a0octobre 2024. Le fonds souverain norv\u00e9gien va annuler sa participation dans un fabricant isra\u00e9lien de moteurs d\u2019avions de chasse.  &#8211; \/ AFP                   <\/p>\n<p class=\"article__paragraph  \">Le fonds souverain norv\u00e9gien, le plus important au monde, a annonc\u00e9 lundi 11\u00a0ao\u00fbt se s\u00e9parer de ses parts dans 11 entreprises isra\u00e9liennes apr\u00e8s des r\u00e9v\u00e9lations, en pleine guerre \u00e0 Gaza, sur sa participation dans une entreprise isra\u00e9lienne fabriquant des moteurs d\u2019avions de chasse.<\/p>\n<p>                                     Lire aussi |  <a href=\"https:\/\/www.lemonde.fr\/international\/live\/2025\/08\/11\/en-direct-gaza-l-australie-va-reconnaitre-l-etat-de-palestine-a-l-occasion-de-l-assemblee-generale-de-l-onu-en-septembre_6626647_3210.html\" class=\"js-article-read-also catcher--favoris__link\" data-premium=\"\" id=\"article-title-3433684\" rel=\"nofollow noopener\" target=\"_blank\">En direct, Gaza\u00a0: le minist\u00e8re de la sant\u00e9 recense 69\u00a0personnes tu\u00e9es et plus de 300\u00a0bless\u00e9es par l\u2019arm\u00e9e isra\u00e9lienne en vingt-quatre heures<\/a>    <\/p>\n<p>   Lire plus tard  <\/p>\n<p class=\"article__paragraph  \">\u00ab\u00a0Ces mesures ont \u00e9t\u00e9 prises en r\u00e9ponse \u00e0 des circonstances extraordinaires. La situation \u00e0 Gaza constitue une grave crise humanitaire. Nous sommes investis dans des entreprises qui exercent leurs activit\u00e9s dans un pays en guerre, et les conditions en Cisjordanie et \u00e0 Gaza se sont r\u00e9cemment d\u00e9t\u00e9rior\u00e9es\u00a0\u00bb, a annonc\u00e9 son chef, Nicolai Tangen, cit\u00e9 dans un communiqu\u00e9.<\/p>\n<p class=\"article__paragraph  \">Le fonds souverain norv\u00e9gien \u2013 \u00e9galement connu sous le nom de fonds p\u00e9trolier, car il est aliment\u00e9 par les recettes consid\u00e9rables provenant des exportations de p\u00e9trole et de gaz du pays \u2013 a des actifs de quelque 1\u00a0900\u00a0milliards de dollars (1\u00a0646\u00a0milliards d\u2019euros), avec des investissements r\u00e9partis dans le monde entier.<\/p>\n<p>                                Lire aussi |  Article r\u00e9serv\u00e9 \u00e0 nos abonn\u00e9s  <a href=\"https:\/\/www.lemonde.fr\/economie\/article\/2019\/03\/22\/le-fonds-souverain-norvegien-fait-mine-de-sortir-du-petrole_5439619_3234.html\" class=\"js-article-read-also catcher--favoris__link\" data-premium=\"1\" id=\"article-title-3074476\" rel=\"nofollow noopener\" target=\"_blank\">Le fonds souverain norv\u00e9gien fait mine de sortir du p\u00e9trole<\/a>    <\/p>\n<p>   Lire plus tard  <\/p>\n<p class=\"article__paragraph  \">Le journal norv\u00e9gien Aftenposten a r\u00e9v\u00e9l\u00e9 le 4\u00a0juin que ce fonds avait investi dans la soci\u00e9t\u00e9 isra\u00e9lienne Bet Shemesh Engines Holdings, qui fabrique des pi\u00e8ces pour les moteurs utilis\u00e9s dans les avions de chasse isra\u00e9liens. M.\u00a0Tangen avait confirm\u00e9 le lendemain que le fonds avait bien acquis une participation dans la soci\u00e9t\u00e9 en\u00a02023, un investissement augment\u00e9 apr\u00e8s le d\u00e9but de l\u2019offensive isra\u00e9lienne dans la bande de Gaza.<\/p>\n<p>             \u00ab\u00a0Attention particuli\u00e8re aux entreprises associ\u00e9es aux guerres\u00a0\u00bb             <\/p>\n<p class=\"article__paragraph  \">Le premier ministre norv\u00e9gien, Jonas Gahr Store, a r\u00e9agi dans la foul\u00e9e, demandant \u00e0 son ministre des finances de prendre contact avec la banque centrale du pays, Norges Bank, qui g\u00e8re le fonds. Le minist\u00e8re des finances a demand\u00e9 \u00e0 la banque de \u00ab\u00a0revoir la mise en \u0153uvre du mandat de gestion du fonds, ses investissements dans des entreprises isra\u00e9liennes, et de proposer les nouvelles mesures qu\u2019il juge n\u00e9cessaires\u00a0\u00bb, a soulign\u00e9 la banque.<\/p>\n<p class=\"article__paragraph  \">A la fin du premier semestre, le fonds d\u00e9tenait des parts dans 61 entreprises isra\u00e9liennes. Parmi celles-ci, 11 entreprises ne figuraient pas dans \u00ab\u00a0l\u2019indice de r\u00e9f\u00e9rence\u00a0\u00bb du minist\u00e8re, qui mesure les performances \u00e9conomiques du fonds souverain. Une d\u00e9cision a \u00e9t\u00e9 prise la semaine derni\u00e8re selon laquelle \u00ab\u00a0tous les investissements dans des soci\u00e9t\u00e9s isra\u00e9liennes qui ne figurent pas dans l\u2019indice de r\u00e9f\u00e9rence seront vendus d\u00e8s que possible\u00a0\u00bb, a pr\u00e9cis\u00e9 la Norges Bank Investment Management dans son communiqu\u00e9.<\/p>\n<p class=\"article__paragraph  \">Le fonds a \u00e9galement d\u00e9clar\u00e9 qu\u2019il \u00ab\u00a0accordait depuis longtemps une attention particuli\u00e8re aux entreprises associ\u00e9es aux guerres et aux conflits\u00a0\u00bb. \u00ab\u00a0Depuis 2020, nous avons contact\u00e9 plus de 60 entreprises pour soulever cette question. Parmi celles-ci, 39 dialogues concernaient la Cisjordanie et Gaza\u00a0\u00bb, a-t-il assur\u00e9. Le suivi des entreprises isra\u00e9liennes a \u00e9t\u00e9 intensifi\u00e9 \u00e0 l\u2019automne 2024. \u00ab\u00a0Par cons\u00e9quent, nous avons vendu nos investissements dans plusieurs entreprises isra\u00e9liennes\u00a0\u00bb, selon le fonds souverain.<\/p>\n<p>                                Lire aussi |  Article r\u00e9serv\u00e9 \u00e0 nos abonn\u00e9s  <a href=\"https:\/\/www.lemonde.fr\/economie\/article\/2020\/08\/28\/un-milliardaire-a-la-tete-du-fonds-petrolier-norvegien_6050170_3234.html\" class=\"js-article-read-also catcher--favoris__link\" data-premium=\"1\" id=\"article-title-3184917\" rel=\"nofollow noopener\" target=\"_blank\">Un milliardaire \u00e0 la t\u00eate du fonds p\u00e9trolier norv\u00e9gien<\/a>    <\/p>\n<p>   Lire plus tard  <\/p>\n<p class=\"author__detail\">  Le Monde avec AFP  <\/p>\n<p>                  <a href=\"https:\/\/www.lemonde.fr\/syndication\/\" class=\"reuse__content\" title=\"R\u00e9utiliser ce contenu\" target=\"_blank\" rel=\"nofollow noopener\">R\u00e9utiliser ce contenu<\/a>      <\/p>\n","protected":false},"excerpt":{"rendered":"Un avion de chasse isra\u00e9lien, sur une base a\u00e9rienne isra\u00e9lienne, le 26\u00a0octobre 2024. Le fonds souverain norv\u00e9gien va&hellip;\n","protected":false},"author":2,"featured_media":311958,"comment_status":"","ping_status":"","sticky":false,"template":"","format":"standard","meta":{"footnotes":""},"categories":[6],"tags":[35,33,34,1011,27],"class_list":{"0":"post-311957","1":"post","2":"type-post","3":"status-publish","4":"format-standard","5":"has-post-thumbnail","7":"category-economie","8":"tag-business","9":"tag-economie","10":"tag-economy","11":"tag-fr","12":"tag-france"},"share_on_mastodon":{"url":"https:\/\/pubeurope.com\/@fr\/115011012863437776","error":""},"_links":{"self":[{"href":"https:\/\/www.europesays.com\/fr\/wp-json\/wp\/v2\/posts\/311957","targetHints":{"allow":["GET"]}}],"collection":[{"href":"https:\/\/www.europesays.com\/fr\/wp-json\/wp\/v2\/posts"}],"about":[{"href":"https:\/\/www.europesays.com\/fr\/wp-json\/wp\/v2\/types\/post"}],"author":[{"embeddable":true,"href":"https:\/\/www.europesays.com\/fr\/wp-json\/wp\/v2\/users\/2"}],"replies":[{"embeddable":true,"href":"https:\/\/www.europesays.com\/fr\/wp-json\/wp\/v2\/comments?post=311957"}],"version-history":[{"count":0,"href":"https:\/\/www.europesays.com\/fr\/wp-json\/wp\/v2\/posts\/311957\/revisions"}],"wp:featuredmedia":[{"embeddable":true,"href":"https:\/\/www.europesays.com\/fr\/wp-json\/wp\/v2\/media\/311958"}],"wp:attachment":[{"href":"https:\/\/www.europesays.com\/fr\/wp-json\/wp\/v2\/media?parent=311957"}],"wp:term":[{"taxonomy":"category","embeddable":true,"href":"https:\/\/www.europesays.com\/fr\/wp-json\/wp\/v2\/categories?post=311957"},{"taxonomy":"post_tag","embeddable":true,"href":"https:\/\/www.europesays.com\/fr\/wp-json\/wp\/v2\/tags?post=311957"}],"curies":[{"name":"wp","href":"https:\/\/api.w.org\/{rel}","templated":true}]}}