{"id":311959,"date":"2025-08-11T16:12:10","date_gmt":"2025-08-11T16:12:10","guid":{"rendered":"https:\/\/www.europesays.com\/fr\/311959\/"},"modified":"2025-08-11T16:12:10","modified_gmt":"2025-08-11T16:12:10","slug":"donald-trump-place-la-ville-de-washington-sous-maintien-de-lordre-federal-et-y-deploie-la-garde-nationale","status":"publish","type":"post","link":"https:\/\/www.europesays.com\/fr\/311959\/","title":{"rendered":"Donald Trump place la ville de Washington sous maintien de l\u2019ordre f\u00e9d\u00e9ral et y d\u00e9ploie la garde nationale"},"content":{"rendered":"<p>                          <img loading=\"lazy\" decoding=\"async\" src=\"https:\/\/www.europesays.com\/fr\/wp-content\/uploads\/2025\/08\/d5fe5a1_ftp-import-images-1-qydglmcwyhs7-f0e0771aaf29461eae15c4a3ca694275-0-f55441239d4c4fd3a86bf60e.jpeg\" alt=\"Donald Trump s\u2019exprime devant la presse \u00e0 la Maison Blanche entour\u00e9 du secr\u00e9taire \u00e0 la d\u00e9fense, Pete Hegseth, et de la ministre de la justice, Pam Bondi. A Washington, le 11\u00a0ao\u00fbt\u00a02025.\"   width=\"664\" height=\"443\"\/>    Donald Trump s\u2019exprime devant la presse \u00e0 la Maison Blanche entour\u00e9 du secr\u00e9taire \u00e0 la d\u00e9fense, Pete Hegseth, et de la ministre de la justice, Pam Bondi. A Washington, le 11\u00a0ao\u00fbt\u00a02025.  ALEX BRANDON \/ AP                   <\/p>\n<p class=\"article__paragraph  \">Donald Trump a annonc\u00e9, lundi 11\u00a0ao\u00fbt, lors d\u2019une conf\u00e9rence de presse \u00e0 la Maison Blanche, placer le maintien de l\u2019ordre dans la capitale Washington sous le contr\u00f4le des autorit\u00e9s f\u00e9d\u00e9rales, ainsi que le d\u00e9ploiement de militaires de la garde nationale, des mesures exceptionnelles pour cette ville qu\u2019il dit \u00ab\u00a0envahie par des gangs violents\u00a0\u00bb et qu\u2019il veut\u00a0\u00ab\u00a0nettoyer\u00a0\u00bb.<\/p>\n<p class=\"article__paragraph  \">Alors que les statistiques officielles montrent une baisse de la criminalit\u00e9 violente \u00e0 Washington, le pr\u00e9sident am\u00e9ricain a d\u00e9clar\u00e9 invoquer une mesure qui l\u2019autorise \u00e0 prendre le contr\u00f4le de la police de cette ville au statut particulier aux Etats-Unis. A l\u2019inverse des 50 Etats am\u00e9ricains, la municipalit\u00e9 de Washington op\u00e8re en effet dans le cadre d\u2019une relation particuli\u00e8re avec l\u2019Etat f\u00e9d\u00e9ral qui limite son autonomie.<\/p>\n<p class=\"article__paragraph  \">\u00ab\u00a0C\u2019est devenu une situation d\u2019anarchie compl\u00e8te et totale, et nous allons nous d\u00e9barrasser des bidonvilles\u00a0\u00bb, a affirm\u00e9 M.\u00a0Trump. Dans un message sur sa plateforme Truth Social dimanche, <a href=\"https:\/\/www.lemonde.fr\/international\/article\/2025\/08\/10\/donald-trump-somme-les-sans-abri-de-partir-loin-de-washington_6627961_3210.html\" rel=\"nofollow noopener\" target=\"_blank\">il avait d\u00e9j\u00e0 exhort\u00e9 les sans-abri \u00e0 quitter Washington<\/a>. \u00ab\u00a0Les sans-abri doivent partir, IMM\u00c9DIATEMENT. Nous vous donnerons des endroits o\u00f9 dormir, mais LOIN de la capitale\u00a0\u00bb, avait-il \u00e9crit, avant de s\u2019adresser aux \u00ab\u00a0criminels\u00a0\u00bb. \u00ab\u00a0Vous, vous n\u2019avez pas besoin de partir. Nous allons vous mettre en prison, l\u00e0 o\u00f9 vous devriez vous trouver\u00a0\u00bb, a lanc\u00e9 le pr\u00e9sident r\u00e9publicain.<\/p>\n<p class=\"article__paragraph  \">Le minist\u00e8re de la justice du gouvernement de Joe Biden avait annonc\u00e9 d\u00e9but janvier que les faits de criminalit\u00e9 violente \u00e0 Washington avaient atteint en 2024 leur niveau le plus bas en plus de trente ans. Selon le rapport annuel du minist\u00e8re du Logement, Washington se classait en outre au 15e rang en 2024 des grandes villes am\u00e9ricaines comptant le plus de sans-abri, avec quelque 5\u00a0600\u00a0personnes recens\u00e9es.<\/p>\n<p class=\"article__paragraph  \">M.\u00a0Trump a promis que son initiative ne s\u2019arr\u00eaterait pas \u00e0 Washington, o\u00f9 il a d\u00e9cr\u00e9t\u00e9 un \u00e9tat d\u2019urgence\u00a0: \u00ab\u00a0\u00c7a va aller plus loin. Nous commen\u00e7ons de mani\u00e8re tr\u00e8s forte [\u00e0 Washington] et nous allons nettoyer \u00e7a bien rapidement\u00a0\u00bb. Il a aussi dit d\u00e9ployer dans un premier temps 800\u00a0militaires de la garde nationale, un corps de militaires de r\u00e9serve, \u00ab\u00a0afin de r\u00e9tablir la loi, l\u2019ordre, et la s\u00e9curit\u00e9 publique\u00a0\u00bb. \u00ab\u00a0Mais si n\u00e9cessaire, nous allons d\u00e9ployer plus de militaires directement pour joindre ceux de la garde nationale, et \u00e7a va se passer tr\u00e8s rapidement\u00a0\u00bb, a-t-il averti, ajoutant que des centaines d\u2019agents de forces de l\u2019ordre f\u00e9d\u00e9rales, comme le FBI, avaient d\u00e9j\u00e0 \u00e9t\u00e9 envoy\u00e9s dans la capitale.<\/p>\n<p class=\"article__paragraph  \">Il avait d\u00e9j\u00e0 mobilis\u00e9 en juin <a href=\"https:\/\/www.lemonde.fr\/international\/article\/2025\/07\/16\/garde-nationale-a-los-angeles-2-000-des-4-000-membres-deployes-vont-partir-annonce-le-pentagone_6621449_3210.html\" rel=\"nofollow noopener\" target=\"_blank\">la garde nationale en Californie<\/a>, contre l\u2019avis du gouverneur d\u00e9mocrate, Gavin Newsom, affirmant vouloir r\u00e9tablir l\u2019ordre \u00e0 Los Angeles apr\u00e8s des manifestations contre des arrestations d\u2019immigr\u00e9s par la police f\u00e9d\u00e9rale de l\u2019immigration (ICE). Il avait ensuite d\u00e9ploy\u00e9 700 marines, des militaires d\u2019active, en renfort dans la grande ville californienne, avant de les retirer fin juillet.<\/p>\n<p>                                Lire aussi |  Article r\u00e9serv\u00e9 \u00e0 nos abonn\u00e9s  <a href=\"https:\/\/www.lemonde.fr\/international\/article\/2025\/07\/09\/aux-etats-unis-le-renforcement-historique-des-moyens-de-la-police-de-l-immigration-inquiete-les-defenseurs-des-libertes_6620158_3210.html\" class=\"js-article-read-also catcher--favoris__link\" data-premium=\"1\" id=\"article-title-3430711\" rel=\"nofollow noopener\" target=\"_blank\">Les moyens colossaux et les m\u00e9thodes brutales d\u2019ICE, la police de l\u2019immigration d\u00e9ploy\u00e9e par Donald Trump<\/a>    <\/p>\n<p>   Lire plus tard  <\/p>\n<p>                   Une ville rattach\u00e9e \u00e0 aucun Etat am\u00e9ricain             <\/p>\n<p class=\"article__paragraph  \">Depuis son retour \u00e0 la Maison Blanche, M.\u00a0Trump a menac\u00e9 \u00e0 plusieurs reprises de replacer Washington sous le contr\u00f4le des autorit\u00e9s f\u00e9d\u00e9rales. Etablie apr\u00e8s la guerre d\u2019Ind\u00e9pendance pour servir de capitale, elle n\u2019est rattach\u00e9e \u00e0 aucun Etat am\u00e9ricain, et la Constitution pr\u00e9voit que le Congr\u00e8s ait comp\u00e9tence sur ses affaires. Depuis une loi de 1973, les habitants peuvent cependant \u00e9lire un conseil municipal, m\u00eame si ses d\u00e9cisions sont toujours contr\u00f4l\u00e9es par le Congr\u00e8s.<\/p>\n<p> Le Monde M\u00e9morable  <\/p>\n<p> <a href=\"https:\/\/www.lemonde.fr\/memorable\/?rfextension=inread\" class=\"inread__link js-services-inread-link\" target=\"_blank\" rel=\"nofollow noopener\">  <\/p>\n<p>Testez votre culture g\u00e9n\u00e9rale avec la r\u00e9daction du \u00ab Monde \u00bb<\/p>\n<p>Testez votre culture g\u00e9n\u00e9rale avec la r\u00e9daction du \u00ab Monde \u00bb<\/p>\n<p>D\u00e9couvrir<\/p>\n<p> <\/a>         <\/p>\n<p class=\"article__paragraph  \">A la fin de f\u00e9vrier, le pr\u00e9sident des Etats-Unis avait assur\u00e9 qu\u2019il soutenait un projet l\u00e9gislatif visant \u00e0 revenir sur cette loi, notamment pour am\u00e9liorer la lutte contre la criminalit\u00e9. \u00ab\u00a0Il y a trop de crimes, de graffitis, trop de tentes [de sans-abri] sur les pelouses, ces magnifiques pelouses\u00a0\u00bb, avait-il alors d\u00e9clar\u00e9 \u00e0 la presse, en insistant sur l\u2019importance de l\u2019apparence de la capitale am\u00e9ricaine o\u00f9 viennent r\u00e9guli\u00e8rement de hauts dignitaires \u00e9trangers. Et, \u00e0 la fin du mois de mars, il avait sign\u00e9 un d\u00e9cret pour accro\u00eetre la supervision de son gouvernement sur la municipalit\u00e9, notamment en mati\u00e8re de lutte contre l\u2019immigration clandestine.<\/p>\n<p class=\"article__paragraph  \">Pendant la conf\u00e9rence de presse lundi, des dizaines de manifestants se sont rassembl\u00e9s devant la Maison Blanche pour exprimer leur opposition \u00e0 une ing\u00e9rence f\u00e9d\u00e9rale dans les affaires de la ville. Interview\u00e9e dimanche sur la cha\u00eene MSNBC, la maire de Washington avait d\u00e9menti une hausse de la criminalit\u00e9 \u00e0 Washington, soulignant que les statistiques montraient\u00a0\u00ab\u00a0des tendances dans la bonne direction pour chaque cat\u00e9gorie.\u00a0\u00bb<\/p>\n<p class=\"article__paragraph  \">\u00ab\u00a0Toute comparaison avec un pays ravag\u00e9 par la guerre est exag\u00e9r\u00e9e et erron\u00e9e\u00a0\u00bb, a ajout\u00e9 Muriel Bowser, r\u00e9pondant \u00e0 Stephen Miller, proche conseiller de Donald Trump, qui avait affirm\u00e9 jeudi que Washington \u00e9tait\u00a0\u00ab\u00a0plus violente que Bagdad\u00a0\u00bb.<\/p>\n<p class=\"article__paragraph  \">Washington vote historiquement d\u00e9mocrate, et la rivale de M.\u00a0Trump lors de l\u2019\u00e9lection de novembre, Kamala Harris, y avait r\u00e9colt\u00e9 plus de 90\u00a0% des voix.<\/p>\n<p>                                Lire aussi |  Article r\u00e9serv\u00e9 \u00e0 nos abonn\u00e9s  <a href=\"https:\/\/www.lemonde.fr\/idees\/article\/2025\/08\/07\/le-trumpisme-cette-politique-qui-echappe-a-tout-concept-precis_6627244_3232.html\" class=\"js-article-read-also catcher--favoris__link\" data-premium=\"1\" id=\"article-title-3433009\" rel=\"nofollow noopener\" target=\"_blank\">Le trumpisme, cette politique qui \u00e9chappe \u00e0 tout concept pr\u00e9cis<\/a>    <\/p>\n<p>   Lire plus tard  <\/p>\n<p class=\"author__detail\">  Le Monde avec AFP  <\/p>\n","protected":false},"excerpt":{"rendered":"Donald Trump s\u2019exprime devant la presse \u00e0 la Maison Blanche entour\u00e9 du secr\u00e9taire \u00e0 la d\u00e9fense, Pete Hegseth,&hellip;\n","protected":false},"author":2,"featured_media":311960,"comment_status":"","ping_status":"","sticky":false,"template":"","format":"standard","meta":{"footnotes":""},"categories":[5],"tags":[11,1011,27,14,12,28],"class_list":{"0":"post-311959","1":"post","2":"type-post","3":"status-publish","4":"format-standard","5":"has-post-thumbnail","7":"category-international","8":"tag-actualites","9":"tag-fr","10":"tag-france","11":"tag-international","12":"tag-news","13":"tag-world"},"share_on_mastodon":{"url":"https:\/\/pubeurope.com\/@fr\/115011016827799712","error":""},"_links":{"self":[{"href":"https:\/\/www.europesays.com\/fr\/wp-json\/wp\/v2\/posts\/311959","targetHints":{"allow":["GET"]}}],"collection":[{"href":"https:\/\/www.europesays.com\/fr\/wp-json\/wp\/v2\/posts"}],"about":[{"href":"https:\/\/www.europesays.com\/fr\/wp-json\/wp\/v2\/types\/post"}],"author":[{"embeddable":true,"href":"https:\/\/www.europesays.com\/fr\/wp-json\/wp\/v2\/users\/2"}],"replies":[{"embeddable":true,"href":"https:\/\/www.europesays.com\/fr\/wp-json\/wp\/v2\/comments?post=311959"}],"version-history":[{"count":0,"href":"https:\/\/www.europesays.com\/fr\/wp-json\/wp\/v2\/posts\/311959\/revisions"}],"wp:featuredmedia":[{"embeddable":true,"href":"https:\/\/www.europesays.com\/fr\/wp-json\/wp\/v2\/media\/311960"}],"wp:attachment":[{"href":"https:\/\/www.europesays.com\/fr\/wp-json\/wp\/v2\/media?parent=311959"}],"wp:term":[{"taxonomy":"category","embeddable":true,"href":"https:\/\/www.europesays.com\/fr\/wp-json\/wp\/v2\/categories?post=311959"},{"taxonomy":"post_tag","embeddable":true,"href":"https:\/\/www.europesays.com\/fr\/wp-json\/wp\/v2\/tags?post=311959"}],"curies":[{"name":"wp","href":"https:\/\/api.w.org\/{rel}","templated":true}]}}