{"id":311961,"date":"2025-08-11T16:13:10","date_gmt":"2025-08-11T16:13:10","guid":{"rendered":"https:\/\/www.europesays.com\/fr\/311961\/"},"modified":"2025-08-11T16:13:10","modified_gmt":"2025-08-11T16:13:10","slug":"les-fortes-chaleurs-progressent-vers-le-nord-est","status":"publish","type":"post","link":"https:\/\/www.europesays.com\/fr\/311961\/","title":{"rendered":"les fortes chaleurs progressent vers le nord-est"},"content":{"rendered":"<p>Les tr\u00e8s fortes chaleurs continuent de frapper la France ce mardi, avec des temp\u00e9ratures atteignant jusqu\u2019\u00e0 38\u00b0C dans l\u2019apr\u00e8s-midi. Attention aux orages de chaleur qui \u00e9clatent en montagne l\u2019apr\u00e8s-midi.<\/p>\n<p class=\"fig-paragraph\">L\u2019alerte pour\u00a0<a href=\"http:\/\/www.lefigaro.fr\/dossier\/canicule-fortes-chaleurs-l-ete-2021-s-installe-en-france\" target=\"_blank\" data-fig-type=\"Topic\" rel=\"noopener\" data-gtm-custom-categorie=\"navigation\" data-gtm-custom-action=\"crossclick\" data-gtm-custom-label=\"Contextuel\" data-gtm-event=\"customEventSPE\" data-fig-domain=\"LEFIGARO\">canicule\u00a0<\/a>se poursuit sur une large partie du pays, notamment pour le centre-est, le nord-est ainsi que pour le bassin parisien, annonce\u00a0<a href=\"https:\/\/actualite.lachainemeteo.com\/actualite-meteo\/2025-08-11\/meteo-du-mardi-12-aout-les-fortes-chaleurs-progressent-vers-le-nord-est-80420\" target=\"_blank\" rel=\"noopener\" data-gtm-custom-categorie=\"navigation\" data-gtm-custom-action=\"crossclick\" data-gtm-custom-label=\"Contextuel\" data-gtm-event=\"customEventSPE\">La Cha\u00eene M\u00e9t\u00e9o<\/a> *. 16 d\u00e9partements ont \u00e9t\u00e9 plac\u00e9s en vigilance rouge canicule mardi 12 ao\u00fbt par\u00a0<a href=\"https:\/\/vigilance.meteofrance.fr\/fr\" target=\"_blank\" rel=\"noopener\" data-gtm-custom-categorie=\"navigation\" data-gtm-custom-action=\"crossclick\" data-gtm-custom-label=\"Contextuel\" data-gtm-event=\"customEventSPE\">M\u00e9t\u00e9o France<\/a> .<\/p>\n<p class=\"fig-paragraph\">Les temp\u00e9ratures vont d\u00e9passer les 37-38\u00b0C l\u2019apr\u00e8s-midi, prolongeant cet \u00e9pisode de chaleur. Certains d\u00e9partements pourraient \u00e9tablir de nouveaux records. Dans le m\u00eame temps, des orages sont attendus au nord-ouest ainsi que sur les Pyr\u00e9n\u00e9es et les Alpes.<\/p>\n<p>                                    <a class=\"fig-a11y-skip a11y-hidden\" href=\"#fig-a11y-skip-main-inarticle\"><br \/>\n        Passer la publicit\u00e9<br \/>\n    <\/a><\/p>\n<p>Une matin\u00e9e chaude mais supportable<\/p>\n<p class=\"fig-paragraph\">Le ciel reste d\u00e9gag\u00e9 et lumineux d\u00e8s le petit matin, avec des temp\u00e9ratures agr\u00e9ables qui d\u00e9butent autour de 20\u00b0C au nord de la\u00a0<a href=\"http:\/\/www.lefigaro.fr\/flash-eco\/plus-propre-la-seine-voit-le-retour-de-ses-poissons-historiques-20250809\" target=\"_blank\" data-fig-type=\"NewsFlash\" rel=\"noopener\" data-gtm-custom-categorie=\"navigation\" data-gtm-custom-action=\"crossclick\" data-gtm-custom-label=\"Contextuel\" data-gtm-event=\"customEventSPE\" data-fig-domain=\"LEFIGARO\">Seine,\u00a0<\/a>mais qui vont grimper doucement jusqu\u2019\u00e0 29\u00b0C dans le sud. Le ciel est passag\u00e8rement nuageux au nord-ouest, o\u00f9 une ond\u00e9e orageuse n\u2019est pas exclue.<\/p>\n<p>Une chaleur \u00e9crasante l\u2019apr\u00e8s-midi<\/p>\n<p class=\"fig-paragraph\">L\u2019apr\u00e8s-midi, la chaleur devient \u00e9crasante de la plaine toulousaine au couloir rhodanien, et au centre est en g\u00e9n\u00e9ral. La temp\u00e9rature monte aussi de l\u2019\u00cele-de-France et au nord-est. En fin d\u2019apr\u00e8s-midi, de forts orages \u00e9clatent sur les Pyr\u00e9n\u00e9es et les Alpes du Sud, pouvant produire des chutes de gr\u00eale.<\/p>\n<p class=\"fig-paragraph\">Les temp\u00e9ratures vont de 30 \u00e0 36\u00b0C au nord de la\u00a0<a href=\"http:\/\/www.lefigaro.fr\/meteo\/orages-en-saone-et-loire-une-personne-decede-en-tombant-de-son-echelle-une-autre-grievement-blessee-en-chutant-de-son-toit-20250720\" target=\"_blank\" data-fig-type=\"NewsFlash\" rel=\"noopener\" data-gtm-custom-categorie=\"navigation\" data-gtm-custom-action=\"crossclick\" data-gtm-custom-label=\"Contextuel\" data-gtm-event=\"customEventSPE\" data-fig-domain=\"LEFIGARO\">Loire\u00a0<\/a>(23 \u00e0 24\u00b0C en bord de mer), et de 30\u00b0C \u00e0 40\u00b0C au sud. Sur l\u2019arc atlantique, une l\u00e9g\u00e8re att\u00e9nuation bienvenue se fait sentir avec 30\u00b0C.<\/p>\n<p>Des temp\u00e9ratures inconfortables en soir\u00e9e<\/p>\n<p class=\"fig-paragraph\">Alors que le soleil d\u00e9cline, le ciel reste d\u00e9gag\u00e9 et les orages montagnards se calment. Les temp\u00e9ratures s\u2019abaissent lentement\u00a0: 35\u00b0C \u00e0 20 heures, puis 33\u00b0C vers 21 heures, 30 \u00b0C \u00e0 22 heures, et 28 \u00b0C vers 23 heures, des valeurs toujours inconfortables pour la nuit.<\/p>\n<p class=\"fig-paragraph\">Ces prochains jours, la\u00a0<a href=\"http:\/\/www.lefigaro.fr\/meteo\/canicule-ou-a-t-il-fait-le-plus-chaud-ce-dimanche-en-france-20250810\" target=\"_blank\" data-fig-type=\"NewsFlash\" rel=\"noopener\" data-gtm-custom-categorie=\"navigation\" data-gtm-custom-action=\"crossclick\" data-gtm-custom-label=\"Contextuel\" data-gtm-event=\"customEventSPE\" data-fig-domain=\"LEFIGARO\">France<\/a>\u00a0restera sous l\u2019emprise de cette vague de chaleur jusqu\u2019\u00e0 vendredi 15 ao\u00fbt et pourrait conna\u00eetre une nouvelle accentuation ce week-end au sud de la Loire. Les orages, parfois forts, se limiteront aux reliefs.<\/p>\n<p>                                    <a class=\"fig-a11y-skip a11y-hidden\" href=\"#fig-a11y-skip-main-inarticle_mtf\"><br \/>\n        Passer la publicit\u00e9<br \/>\n    <\/a><\/p>\n<p class=\"fig-paragraph\">*La Cha\u00eene M\u00e9t\u00e9o est une propri\u00e9t\u00e9 du groupe Le Figaro.<\/p>\n","protected":false},"excerpt":{"rendered":"Les tr\u00e8s fortes chaleurs continuent de frapper la France ce mardi, avec des temp\u00e9ratures atteignant jusqu\u2019\u00e0 38\u00b0C dans&hellip;\n","protected":false},"author":2,"featured_media":311962,"comment_status":"","ping_status":"","sticky":false,"template":"","format":"standard","meta":{"footnotes":""},"categories":[4],"tags":[11,6698,1011,27,2487,12,25],"class_list":{"0":"post-311961","1":"post","2":"type-post","3":"status-publish","4":"format-standard","5":"has-post-thumbnail","7":"category-france","8":"tag-actualites","9":"tag-canicule","10":"tag-fr","11":"tag-france","12":"tag-meteo","13":"tag-news","14":"tag-republique-francaise"},"share_on_mastodon":{"url":"https:\/\/pubeurope.com\/@fr\/115011020623541707","error":""},"_links":{"self":[{"href":"https:\/\/www.europesays.com\/fr\/wp-json\/wp\/v2\/posts\/311961","targetHints":{"allow":["GET"]}}],"collection":[{"href":"https:\/\/www.europesays.com\/fr\/wp-json\/wp\/v2\/posts"}],"about":[{"href":"https:\/\/www.europesays.com\/fr\/wp-json\/wp\/v2\/types\/post"}],"author":[{"embeddable":true,"href":"https:\/\/www.europesays.com\/fr\/wp-json\/wp\/v2\/users\/2"}],"replies":[{"embeddable":true,"href":"https:\/\/www.europesays.com\/fr\/wp-json\/wp\/v2\/comments?post=311961"}],"version-history":[{"count":0,"href":"https:\/\/www.europesays.com\/fr\/wp-json\/wp\/v2\/posts\/311961\/revisions"}],"wp:featuredmedia":[{"embeddable":true,"href":"https:\/\/www.europesays.com\/fr\/wp-json\/wp\/v2\/media\/311962"}],"wp:attachment":[{"href":"https:\/\/www.europesays.com\/fr\/wp-json\/wp\/v2\/media?parent=311961"}],"wp:term":[{"taxonomy":"category","embeddable":true,"href":"https:\/\/www.europesays.com\/fr\/wp-json\/wp\/v2\/categories?post=311961"},{"taxonomy":"post_tag","embeddable":true,"href":"https:\/\/www.europesays.com\/fr\/wp-json\/wp\/v2\/tags?post=311961"}],"curies":[{"name":"wp","href":"https:\/\/api.w.org\/{rel}","templated":true}]}}