{"id":311965,"date":"2025-08-11T16:15:13","date_gmt":"2025-08-11T16:15:13","guid":{"rendered":"https:\/\/www.europesays.com\/fr\/311965\/"},"modified":"2025-08-11T16:15:13","modified_gmt":"2025-08-11T16:15:13","slug":"loire-lalarme-se-declenche-la-police-trouve-le-voleur-cache-sous-le-lit-a-saint-etienne","status":"publish","type":"post","link":"https:\/\/www.europesays.com\/fr\/311965\/","title":{"rendered":"Loire. L\u2019alarme se d\u00e9clenche, la police trouve le voleur cach\u00e9 sous le lit \u00e0 Saint-\u00c9tienne"},"content":{"rendered":"<p>Vite sur place, un policier monte par un poteau pour acc\u00e9der \u00e0 la terrasse de l\u2019appartement. Il constate la pr\u00e9sence d\u2019un coupe-boulons et une porte-fen\u00eatre bris\u00e9e. Une fois \u00e0 l\u2019int\u00e9rieur de la maison, les fonctionnaires trouvent des chambres fouill\u00e9es, en d\u00e9sordre, les tiroirs renvers\u00e9s.<\/p>\n<p>Rapidement ils d\u00e9couvrent un homme cach\u00e9 sous un lit. \u00c0 c\u00f4t\u00e9 de lui, une cagoule, des chaussettes (les voleurs s\u2019en servent de gants pour ne pas laisser d\u2019empreintes) et une valise contenant bijoux, t\u00e9l\u00e9phone et PlayStation.<\/p>\n<p><strong>&gt;&gt; <a href=\"https:\/\/www.leprogres.fr\/faits-divers-justice\/2025\/08\/04\/cambriolages-vols-de-vehicule-stups-les-vrais-chiffres-de-la-delinquance\" target=\"_blank\" rel=\"noopener\">Cambriolages, vols de v\u00e9hicule, stups\u2026 les vrais chiffres de la d\u00e9linquance \u00e0 Saint-\u00c9tienne<\/a><br \/><\/strong><\/p>\n<p>\u00ab\u00a0Je ne suis entr\u00e9 que dans une seule chambre\u00a0\u00bb<\/p>\n<p>L&amp;rsquo&#8230;<\/p>\n","protected":false},"excerpt":{"rendered":"Vite sur place, un policier monte par un poteau pour acc\u00e9der \u00e0 la terrasse de l\u2019appartement. Il constate&hellip;\n","protected":false},"author":2,"featured_media":311966,"comment_status":"","ping_status":"","sticky":false,"template":"","format":"standard","meta":{"footnotes":""},"categories":[9653],"tags":[1111,11,2430,271,272,7539,1777,674,274,1011,27,3367,12,25,4001,7538],"class_list":{"0":"post-311965","1":"post","2":"type-post","3":"status-publish","4":"format-standard","5":"has-post-thumbnail","7":"category-saint-etienne","8":"tag-actu","9":"tag-actualites","10":"tag-auvergne-rhone-alpes","11":"tag-crime","12":"tag-delit-et-contravention","13":"tag-edition-loire-sud","14":"tag-eu","15":"tag-europe","16":"tag-faits-divers-justice","17":"tag-fr","18":"tag-france","19":"tag-loire","20":"tag-news","21":"tag-republique-francaise","22":"tag-saint-etienne","23":"tag-saint-etienne-ville"},"share_on_mastodon":{"url":"https:\/\/pubeurope.com\/@fr\/115011028505501156","error":""},"_links":{"self":[{"href":"https:\/\/www.europesays.com\/fr\/wp-json\/wp\/v2\/posts\/311965","targetHints":{"allow":["GET"]}}],"collection":[{"href":"https:\/\/www.europesays.com\/fr\/wp-json\/wp\/v2\/posts"}],"about":[{"href":"https:\/\/www.europesays.com\/fr\/wp-json\/wp\/v2\/types\/post"}],"author":[{"embeddable":true,"href":"https:\/\/www.europesays.com\/fr\/wp-json\/wp\/v2\/users\/2"}],"replies":[{"embeddable":true,"href":"https:\/\/www.europesays.com\/fr\/wp-json\/wp\/v2\/comments?post=311965"}],"version-history":[{"count":0,"href":"https:\/\/www.europesays.com\/fr\/wp-json\/wp\/v2\/posts\/311965\/revisions"}],"wp:featuredmedia":[{"embeddable":true,"href":"https:\/\/www.europesays.com\/fr\/wp-json\/wp\/v2\/media\/311966"}],"wp:attachment":[{"href":"https:\/\/www.europesays.com\/fr\/wp-json\/wp\/v2\/media?parent=311965"}],"wp:term":[{"taxonomy":"category","embeddable":true,"href":"https:\/\/www.europesays.com\/fr\/wp-json\/wp\/v2\/categories?post=311965"},{"taxonomy":"post_tag","embeddable":true,"href":"https:\/\/www.europesays.com\/fr\/wp-json\/wp\/v2\/tags?post=311965"}],"curies":[{"name":"wp","href":"https:\/\/api.w.org\/{rel}","templated":true}]}}