{"id":311969,"date":"2025-08-11T16:17:10","date_gmt":"2025-08-11T16:17:10","guid":{"rendered":"https:\/\/www.europesays.com\/fr\/311969\/"},"modified":"2025-08-11T16:17:10","modified_gmt":"2025-08-11T16:17:10","slug":"un-sdf-utilise-les-grands-moyens-pour-entrer-par-effraction-dans-un-appartement","status":"publish","type":"post","link":"https:\/\/www.europesays.com\/fr\/311969\/","title":{"rendered":"un SDF utilise les grands moyens pour entrer par effraction dans un appartement"},"content":{"rendered":"<p>            Par<br \/>\n        <strong><br \/>\n            <a href=\"https:\/\/actu.fr\/auteur\/pierre-emile-bouchy-actu-fr\" title=\"Consulter tous les articles de Paul-Emile Bouchy\" rel=\"nofollow noopener\" target=\"_blank\">Paul-Emile Bouchy<\/a><br \/>\n        <\/strong><\/p>\n<p>        Publi\u00e9 le<\/p>\n<p>            11 ao\u00fbt 2025 \u00e0 18h09        <\/p>\n<p>Dimanche 10\u00a0ao\u00fbt, vers 18h50, la <a href=\"https:\/\/actu.fr\/tag\/police\" rel=\"nofollow noopener\" target=\"_blank\">police<\/a> a \u00e9t\u00e9 alert\u00e9e \u00e0 la suite d\u2019<strong>une effraction<\/strong> dans un appartement rue Aristide Briand \u00e0 <a href=\"https:\/\/actu.fr\/grand-est\/vandoeuvre-les-nancy_54547\" rel=\"nofollow noopener\" target=\"_blank\">Vand\u0153uvre-l\u00e8s-Nancy<\/a> (Meurthe-et-Moselle).<\/p>\n<p class=\" wall-content\"><strong>Une personne sans domicile fixe est entr\u00e9e dans le logement<\/strong> gr\u00e2ce \u00e0 un outil peu orthodoxe\u2009: <strong>une plaque d\u2019\u00e9gout<\/strong>.<\/p>\n<p>L\u2019homme arr\u00eat\u00e9 en buvant du vin<\/p>\n<p class=\" wall-content\">D\u2019apr\u00e8s la police, plusieurs t\u00e9moins ont assist\u00e9 \u00e0 la sc\u00e8ne. <strong>L\u2019homme \u00e2g\u00e9 de 45\u00a0ans a utilis\u00e9 une plaque d\u2019\u00e9gout pour casser la vitre<\/strong> de l\u2019appartement et entrer \u00e0 l\u2019int\u00e9rieur.<\/p>\n<p class=\" wall-content\">Rapidement sur les lieux, la police <strong>l\u2019interpelle alors qu\u2019il est en train de boire du vin<\/strong> dans le logement. Ivre, il avait une alcool\u00e9mie de <strong>1,14\u00a0g\/L de sang<\/strong>.<\/p>\n<p class=\" wall-content\">Connu des services de police et plac\u00e9 en garde \u00e0 vue, l\u2019homme sera pr\u00e9sent\u00e9 ce mardi en comparution avec reconnaissance pr\u00e9alable de culpabilit\u00e9.<\/p>\n<p class=\" wall-content\">Suivez toute l\u2019actualit\u00e9 de vos villes et m\u00e9dias favoris en vous inscrivant \u00e0 <a href=\"https:\/\/moncompte.actu.fr\" title=\"D\u00e9couvez Mon Actu\" rel=\"nofollow noopener\" data-trk=\"{&quot;cta&quot;:{&quot;action&quot;:&quot;https:\\\/\\\/moncompte.actu.fr&quot;,&quot;category&quot;:&quot;mon compte&quot;,&quot;from&quot;:&quot;article footer&quot;,&quot;name&quot;:&quot;Mon actu&quot;,&quot;type&quot;:&quot;cta&quot;}}\" target=\"_blank\">Mon Actu<\/a>.<\/p>\n","protected":false},"excerpt":{"rendered":"Par Paul-Emile Bouchy Publi\u00e9 le 11 ao\u00fbt 2025 \u00e0 18h09 Dimanche 10\u00a0ao\u00fbt, vers 18h50, la police a \u00e9t\u00e9&hellip;\n","protected":false},"author":2,"featured_media":311970,"comment_status":"","ping_status":"","sticky":false,"template":"","format":"standard","meta":{"footnotes":""},"categories":[9635],"tags":[1111,11,1777,674,118,1011,27,775,303,1702,12,1072,25],"class_list":{"0":"post-311969","1":"post","2":"type-post","3":"status-publish","4":"format-standard","5":"has-post-thumbnail","7":"category-nancy","8":"tag-actu","9":"tag-actualites","10":"tag-eu","11":"tag-europe","12":"tag-faits-divers","13":"tag-fr","14":"tag-france","15":"tag-grand-est","16":"tag-justice","17":"tag-nancy","18":"tag-news","19":"tag-police","20":"tag-republique-francaise"},"share_on_mastodon":{"url":"https:\/\/pubeurope.com\/@fr\/115011036360784425","error":""},"_links":{"self":[{"href":"https:\/\/www.europesays.com\/fr\/wp-json\/wp\/v2\/posts\/311969","targetHints":{"allow":["GET"]}}],"collection":[{"href":"https:\/\/www.europesays.com\/fr\/wp-json\/wp\/v2\/posts"}],"about":[{"href":"https:\/\/www.europesays.com\/fr\/wp-json\/wp\/v2\/types\/post"}],"author":[{"embeddable":true,"href":"https:\/\/www.europesays.com\/fr\/wp-json\/wp\/v2\/users\/2"}],"replies":[{"embeddable":true,"href":"https:\/\/www.europesays.com\/fr\/wp-json\/wp\/v2\/comments?post=311969"}],"version-history":[{"count":0,"href":"https:\/\/www.europesays.com\/fr\/wp-json\/wp\/v2\/posts\/311969\/revisions"}],"wp:featuredmedia":[{"embeddable":true,"href":"https:\/\/www.europesays.com\/fr\/wp-json\/wp\/v2\/media\/311970"}],"wp:attachment":[{"href":"https:\/\/www.europesays.com\/fr\/wp-json\/wp\/v2\/media?parent=311969"}],"wp:term":[{"taxonomy":"category","embeddable":true,"href":"https:\/\/www.europesays.com\/fr\/wp-json\/wp\/v2\/categories?post=311969"},{"taxonomy":"post_tag","embeddable":true,"href":"https:\/\/www.europesays.com\/fr\/wp-json\/wp\/v2\/tags?post=311969"}],"curies":[{"name":"wp","href":"https:\/\/api.w.org\/{rel}","templated":true}]}}