{"id":311973,"date":"2025-08-11T16:19:10","date_gmt":"2025-08-11T16:19:10","guid":{"rendered":"https:\/\/www.europesays.com\/fr\/311973\/"},"modified":"2025-08-11T16:19:10","modified_gmt":"2025-08-11T16:19:10","slug":"toulon-moyens-supplementaires-pour-lutter-contre-les-vols-avec-violence-dans-le-golfe-de-saint-tropez","status":"publish","type":"post","link":"https:\/\/www.europesays.com\/fr\/311973\/","title":{"rendered":"TOULON : Moyens suppl\u00e9mentaires pour lutter contre les vols avec violence dans le Golfe de Saint-Tropez"},"content":{"rendered":"<p><strong>S\u00c9CURIT\u00c9 \u2013 Des moyens suppl\u00e9mentaires pour lutter contre les vols avec violence dans le Golfe de Saint-Tropez.<\/strong><\/p>\n<p>Les communes du Golfe de Saint-Tropez sont confront\u00e9es \u00e0 une recrudescence des vols avec violence, en particulier des arrachages de montres et des vols violents \u00e0 domicile.<br \/>Pour y faire face, 31 gendarmes ont \u00e9t\u00e9 positionn\u00e9s en renfort depuis le d\u00e9but de la saison estivale, en particulier 13 militaires suppl\u00e9mentaires d\u00e9tach\u00e9s au profit de la brigade de Saint-Tropez, qui s\u2019ajoutent aux 115 effectifs de la compagnie de gendarmerie de Gassin \u2013 Saint-Tropez. Ils travaillent au quotidien en liaison \u00e9troite avec les polices municipales. Un groupe d\u2019enqu\u00eate sp\u00e9cialis\u00e9 (GES) a par ailleurs \u00e9t\u00e9 constitu\u00e9 au sein de la brigade de recherche, sp\u00e9cifiquement charg\u00e9 des investigations li\u00e9es \u00e0 ces vols avec violence.<br \/>Pour renforcer l\u2019efficacit\u00e9 du dispositif, Simon Babre, pr\u00e9fet du Var, a demand\u00e9 le d\u00e9ploiement exceptionnel de CRS qui patrouilleront \u00e0 partir de demain.<br \/>4 interpellations en flagrant d\u00e9lit ont \u00e9t\u00e9 effectu\u00e9es ce dimanche \u00e0 Sainte-Maxime. Les auteurs, d\u2019origine italienne, ont \u00e9t\u00e9 plac\u00e9s en garde-\u00e0-vue pour des faits de vol en bande organis\u00e9e dans le cadre d\u2019une enqu\u00eate qui se d\u00e9roule sur les directives du parquet.<br \/>Pierre Couttenier, procureur de la R\u00e9publique pr\u00e8s le tribunal judiciaire de Draguignan entend de son c\u00f4t\u00e9 mobiliser tous les cadres juridiques qu\u2019impose la lutte contre cette manifestation violente de la d\u00e9linquance organis\u00e9e, en vue du prononc\u00e9 de r\u00e9ponses judiciaires fermes et rapides.<\/p>\n<p>var.gouv.fr<\/p>\n","protected":false},"excerpt":{"rendered":"S\u00c9CURIT\u00c9 \u2013 Des moyens suppl\u00e9mentaires pour lutter contre les vols avec violence dans le Golfe de Saint-Tropez. Les&hellip;\n","protected":false},"author":2,"featured_media":92560,"comment_status":"","ping_status":"","sticky":false,"template":"","format":"standard","meta":{"footnotes":""},"categories":[9619],"tags":[1111,11,1777,674,1011,27,12,882,25,2310],"class_list":{"0":"post-311973","1":"post","2":"type-post","3":"status-publish","4":"format-standard","5":"has-post-thumbnail","7":"category-toulon","8":"tag-actu","9":"tag-actualites","10":"tag-eu","11":"tag-europe","12":"tag-fr","13":"tag-france","14":"tag-news","15":"tag-provence-alpes-cote-dazur","16":"tag-republique-francaise","17":"tag-toulon"},"share_on_mastodon":{"url":"https:\/\/pubeurope.com\/@fr\/115011044279527834","error":""},"_links":{"self":[{"href":"https:\/\/www.europesays.com\/fr\/wp-json\/wp\/v2\/posts\/311973","targetHints":{"allow":["GET"]}}],"collection":[{"href":"https:\/\/www.europesays.com\/fr\/wp-json\/wp\/v2\/posts"}],"about":[{"href":"https:\/\/www.europesays.com\/fr\/wp-json\/wp\/v2\/types\/post"}],"author":[{"embeddable":true,"href":"https:\/\/www.europesays.com\/fr\/wp-json\/wp\/v2\/users\/2"}],"replies":[{"embeddable":true,"href":"https:\/\/www.europesays.com\/fr\/wp-json\/wp\/v2\/comments?post=311973"}],"version-history":[{"count":0,"href":"https:\/\/www.europesays.com\/fr\/wp-json\/wp\/v2\/posts\/311973\/revisions"}],"wp:featuredmedia":[{"embeddable":true,"href":"https:\/\/www.europesays.com\/fr\/wp-json\/wp\/v2\/media\/92560"}],"wp:attachment":[{"href":"https:\/\/www.europesays.com\/fr\/wp-json\/wp\/v2\/media?parent=311973"}],"wp:term":[{"taxonomy":"category","embeddable":true,"href":"https:\/\/www.europesays.com\/fr\/wp-json\/wp\/v2\/categories?post=311973"},{"taxonomy":"post_tag","embeddable":true,"href":"https:\/\/www.europesays.com\/fr\/wp-json\/wp\/v2\/tags?post=311973"}],"curies":[{"name":"wp","href":"https:\/\/api.w.org\/{rel}","templated":true}]}}