{"id":311980,"date":"2025-08-11T16:29:12","date_gmt":"2025-08-11T16:29:12","guid":{"rendered":"https:\/\/www.europesays.com\/fr\/311980\/"},"modified":"2025-08-11T16:29:12","modified_gmt":"2025-08-11T16:29:12","slug":"fcg-fc-grenoble-rugby-28","status":"publish","type":"post","link":"https:\/\/www.europesays.com\/fr\/311980\/","title":{"rendered":"FCG &#8211; FC Grenoble Rugby"},"content":{"rendered":"<p>Tristan Labouteley arrive en pr\u00eat chez les Rouge &amp; Bleu\u00a0<\/p>\n<p>Le FCG est fier d\u2019annoncer l&rsquo;arriv\u00e9e de Tristan Labouteley, deuxi\u00e8me ligne d\u2019exp\u00e9rience &amp; JIFF, en pr\u00eat \u00e0 Grenoble.\u00a0<\/p>\n<p>Tristan (2m02, 107 kilos), 30 ans, d\u00e9couvre le rugby d\u00e8s l\u2019\u00e2ge de cinq ans \u00e0 Longwy, poursuit sa formation en Andorre, avant de rejoindre l\u2019\u00e9cole de rugby du MHR. En 2016, il signe \u00e0 l\u2019Union Bordeaux B\u00e8gles, puis rejoint en 2017 Perpignan, en Pro\u202fD2, o\u00f9 il s\u2019\u00e9panouit durablement (176 matchs) pendant 8 saisons. Il est deux fois champion de France l\u2019USAP (2018 et 2021).<\/p>\n<p>Tristan est un deuxi\u00e8me ligne d\u2019exp\u00e9rience, avec 177 matchs de rugby professionnel au compteur, 88 matchs de TOP14, 13 matchs de Champions \/ Challenge Cup, et 76 matchs de ProD2.<\/p>\n<p>Le mot d&rsquo;Aubin Hueber, directeur du rugby\u00a0\u00ab\u00a0Tristan nous rejoint en pr\u00eat ! C\u2019est un deuxi\u00e8me ligne au profil longiligne, un tr\u00e8s bon sauteur, qui se d\u00e9place. C\u2019est un joueur d\u2019exp\u00e9rience, qui conna\u00eet le top 14. Il conna\u00eet d\u00e9j\u00e0 certains de nos joueurs, on attend qu\u2019il nous apporte sa hauteur et son efficacit\u00e9 en touche, ainsi que toute son exp\u00e9rience du Top14.\u00a0\u00bb<\/p>\n<p>\u00a0<\/p>\n<p><img decoding=\"async\" alt=\"\" src=\"https:\/\/www.europesays.com\/fr\/wp-content\/uploads\/2025\/08\/thumb_31888_gallery_image_big.jpeg\" style=\"width:100%\"\/><\/p>\n<p>\u00a0<\/p>\n","protected":false},"excerpt":{"rendered":"Tristan Labouteley arrive en pr\u00eat chez les Rouge &amp; Bleu\u00a0 Le FCG est fier d\u2019annoncer l&rsquo;arriv\u00e9e de Tristan&hellip;\n","protected":false},"author":2,"featured_media":311981,"comment_status":"","ping_status":"","sticky":false,"template":"","format":"standard","meta":{"footnotes":""},"categories":[9566],"tags":[1111,11,2430,1777,674,1011,27,2731,12,25],"class_list":{"0":"post-311980","1":"post","2":"type-post","3":"status-publish","4":"format-standard","5":"has-post-thumbnail","7":"category-grenoble","8":"tag-actu","9":"tag-actualites","10":"tag-auvergne-rhone-alpes","11":"tag-eu","12":"tag-europe","13":"tag-fr","14":"tag-france","15":"tag-grenoble","16":"tag-news","17":"tag-republique-francaise"},"share_on_mastodon":{"url":"https:\/\/pubeurope.com\/@fr\/115011083910836371","error":""},"_links":{"self":[{"href":"https:\/\/www.europesays.com\/fr\/wp-json\/wp\/v2\/posts\/311980","targetHints":{"allow":["GET"]}}],"collection":[{"href":"https:\/\/www.europesays.com\/fr\/wp-json\/wp\/v2\/posts"}],"about":[{"href":"https:\/\/www.europesays.com\/fr\/wp-json\/wp\/v2\/types\/post"}],"author":[{"embeddable":true,"href":"https:\/\/www.europesays.com\/fr\/wp-json\/wp\/v2\/users\/2"}],"replies":[{"embeddable":true,"href":"https:\/\/www.europesays.com\/fr\/wp-json\/wp\/v2\/comments?post=311980"}],"version-history":[{"count":0,"href":"https:\/\/www.europesays.com\/fr\/wp-json\/wp\/v2\/posts\/311980\/revisions"}],"wp:featuredmedia":[{"embeddable":true,"href":"https:\/\/www.europesays.com\/fr\/wp-json\/wp\/v2\/media\/311981"}],"wp:attachment":[{"href":"https:\/\/www.europesays.com\/fr\/wp-json\/wp\/v2\/media?parent=311980"}],"wp:term":[{"taxonomy":"category","embeddable":true,"href":"https:\/\/www.europesays.com\/fr\/wp-json\/wp\/v2\/categories?post=311980"},{"taxonomy":"post_tag","embeddable":true,"href":"https:\/\/www.europesays.com\/fr\/wp-json\/wp\/v2\/tags?post=311980"}],"curies":[{"name":"wp","href":"https:\/\/api.w.org\/{rel}","templated":true}]}}