{"id":311986,"date":"2025-08-11T16:32:09","date_gmt":"2025-08-11T16:32:09","guid":{"rendered":"https:\/\/www.europesays.com\/fr\/311986\/"},"modified":"2025-08-11T16:32:09","modified_gmt":"2025-08-11T16:32:09","slug":"de-nombreux-changements-prevus-jusquen-septembre-voici-lesquels","status":"publish","type":"post","link":"https:\/\/www.europesays.com\/fr\/311986\/","title":{"rendered":"de nombreux changements pr\u00e9vus jusqu&rsquo;en septembre, voici lesquels"},"content":{"rendered":"<p>            Par<br \/>\n        <strong><br \/>\n            <a href=\"https:\/\/actu.fr\/auteur\/ivan-capecchi\" title=\"Consulter tous les articles de Ivan CAPECCHI\" target=\"_blank\" rel=\"noopener\">Ivan CAPECCHI<\/a><br \/>\n        <\/strong><\/p>\n<p>        Publi\u00e9 le<\/p>\n<p>            11 ao\u00fbt 2025 \u00e0 17h37        <\/p>\n<p>Le magasin <strong>Auchan Illkirch Baggersee<\/strong> poursuit sa <strong>modernisation<\/strong> avec une <strong>s\u00e9rie d\u2019ouvertures programm\u00e9es d\u2019ici d\u00e9but septembre<\/strong>.<\/p>\n<p>Nouvelle zone de caisses, r\u00e9ouverture des stands de boucherie et fromage\u2026<\/p>\n<p class=\" wall-content\">D\u00e8s le <strong>13 ao\u00fbt 2025<\/strong>, les clients pourront acc\u00e9der \u00e0 une <strong>nouvelle zone de caisses<\/strong> ainsi qu\u2019aux <strong>rayons surgel\u00e9s et halal<\/strong>.<\/p>\n<p class=\" wall-content\">Le <strong>21 ao\u00fbt<\/strong> marquera la <strong>r\u00e9ouverture des stands de boucherie, charcuterie, fromage<\/strong> et du <strong>rayon fruits et l\u00e9gumes<\/strong>.<\/p>\n<p class=\" wall-content\">Enfin, le <strong>1er septembre<\/strong>, la <strong>poissonnerie<\/strong>, le <strong>kiosque<\/strong> et la <strong>boulangerie-p\u00e2tisserie<\/strong> compl\u00e8teront cette phase de <a href=\"https:\/\/actu.fr\/tag\/travaux\" target=\"_blank\" rel=\"noopener\">travaux<\/a>.<\/p>\n<p>Une entr\u00e9e provisoire mise en place pendant les travaux<\/p>\n<p class=\" wall-content\">Pendant cette p\u00e9riode, une <strong>entr\u00e9e provisoire<\/strong> est mise en place et <strong>la circulation \u00e0 l\u2019int\u00e9rieur du magasin sera r\u00e9am\u00e9nag\u00e9e<\/strong> entre le 19 et le 23 ao\u00fbt.\u00a0<\/p>\n<p class=\" wall-content\">La fin des travaux de l\u2019ensemble du magasin est toujours pr\u00e9vue pour d\u00e9but <strong>d\u00e9cembre 2025<\/strong>.<\/p>\n<p>En proie \u00e0 des difficult\u00e9s financi\u00e8res, Auchan r\u00e9duit la surface de ses magasins<\/p>\n<p class=\" wall-content\">Dans un tract publi\u00e9 sur ses r\u00e9seaux, le magasin affirme que ces am\u00e9nagements visent \u00e0 offrir un <strong>espace plus moderne, pratique et agr\u00e9able<\/strong>.<\/p>\n<p class=\" wall-content\">Confront\u00e9 \u00e0 des difficult\u00e9s financi\u00e8res, Auchan annon\u00e7ait en 2024 son ambition de <a href=\"https:\/\/actu.fr\/societe\/auchan-va-reduire-la-superficie-de-ses-hypermarches-voici-ce-qui-est-prevu-pour-hautepierre-et-illkirch_61410081.html\" target=\"_blank\" rel=\"noopener\">r\u00e9duire en moyenne de 25 % la surface de ses points de vente<\/a>, avec un parc d\u2019hypermarch\u00e9s qui comptera \u00e0 terme majoritairement des magasins de moins de 10 000 m\u00b2.<\/p>\n<p class=\" wall-content\">Suivez toute l\u2019actualit\u00e9 de vos villes et m\u00e9dias favoris en vous inscrivant \u00e0 <a href=\"https:\/\/moncompte.actu.fr\" title=\"D\u00e9couvez Mon Actu\" rel=\"nofollow noopener\" data-trk=\"{&quot;cta&quot;:{&quot;action&quot;:&quot;https:\\\/\\\/moncompte.actu.fr&quot;,&quot;category&quot;:&quot;mon compte&quot;,&quot;from&quot;:&quot;article footer&quot;,&quot;name&quot;:&quot;Mon actu&quot;,&quot;type&quot;:&quot;cta&quot;}}\" target=\"_blank\">Mon Actu<\/a>.<\/p>\n","protected":false},"excerpt":{"rendered":"Par Ivan CAPECCHI Publi\u00e9 le 11 ao\u00fbt 2025 \u00e0 17h37 Le magasin Auchan Illkirch Baggersee poursuit sa modernisation&hellip;\n","protected":false},"author":2,"featured_media":311987,"comment_status":"","ping_status":"","sticky":false,"template":"","format":"standard","meta":{"footnotes":""},"categories":[2820],"tags":[1111,11,14474,1777,674,1011,27,775,12,25,104,640,2086],"class_list":{"0":"post-311986","1":"post","2":"type-post","3":"status-publish","4":"format-standard","5":"has-post-thumbnail","7":"category-strasbourg","8":"tag-actu","9":"tag-actualites","10":"tag-auchan","11":"tag-eu","12":"tag-europe","13":"tag-fr","14":"tag-france","15":"tag-grand-est","16":"tag-news","17":"tag-republique-francaise","18":"tag-societe","19":"tag-strasbourg","20":"tag-travaux"},"share_on_mastodon":{"url":"https:\/\/pubeurope.com\/@fr\/115011095466397549","error":""},"_links":{"self":[{"href":"https:\/\/www.europesays.com\/fr\/wp-json\/wp\/v2\/posts\/311986","targetHints":{"allow":["GET"]}}],"collection":[{"href":"https:\/\/www.europesays.com\/fr\/wp-json\/wp\/v2\/posts"}],"about":[{"href":"https:\/\/www.europesays.com\/fr\/wp-json\/wp\/v2\/types\/post"}],"author":[{"embeddable":true,"href":"https:\/\/www.europesays.com\/fr\/wp-json\/wp\/v2\/users\/2"}],"replies":[{"embeddable":true,"href":"https:\/\/www.europesays.com\/fr\/wp-json\/wp\/v2\/comments?post=311986"}],"version-history":[{"count":0,"href":"https:\/\/www.europesays.com\/fr\/wp-json\/wp\/v2\/posts\/311986\/revisions"}],"wp:featuredmedia":[{"embeddable":true,"href":"https:\/\/www.europesays.com\/fr\/wp-json\/wp\/v2\/media\/311987"}],"wp:attachment":[{"href":"https:\/\/www.europesays.com\/fr\/wp-json\/wp\/v2\/media?parent=311986"}],"wp:term":[{"taxonomy":"category","embeddable":true,"href":"https:\/\/www.europesays.com\/fr\/wp-json\/wp\/v2\/categories?post=311986"},{"taxonomy":"post_tag","embeddable":true,"href":"https:\/\/www.europesays.com\/fr\/wp-json\/wp\/v2\/tags?post=311986"}],"curies":[{"name":"wp","href":"https:\/\/api.w.org\/{rel}","templated":true}]}}