{"id":311988,"date":"2025-08-11T16:33:16","date_gmt":"2025-08-11T16:33:16","guid":{"rendered":"https:\/\/www.europesays.com\/fr\/311988\/"},"modified":"2025-08-11T16:33:16","modified_gmt":"2025-08-11T16:33:16","slug":"strasbourg-strasbourg-perpignan-strasbourg-brest-un-podcast-pour-raconter-les-diagonales-de-france","status":"publish","type":"post","link":"https:\/\/www.europesays.com\/fr\/311988\/","title":{"rendered":"Strasbourg. Strasbourg-Perpignan, Strasbourg-Brest&#8230; Un podcast pour raconter les Diagonales de France"},"content":{"rendered":"<p>Marc Jacquemond, passionn\u00e9 de cyclisme longue distance et membre du Club des Randonneurs de Strasbourg, a lanc\u00e9 fin 2023 Diagonalistes, un podcast consacr\u00e9 aux Diagonales de France (<a title=\"www.podcastics.com\" href=\"https:\/\/www.podcastics.com\/podcast\/diagonalistes\/\" rel=\"nofollow noopener\" target=\"_blank\">https:\/\/www.podcastics.com\/podcast\/diagonalistes\/<\/a>). Ces travers\u00e9es cyclistes non assist\u00e9es relient deux villes \u00e9loign\u00e9es de l\u2019Hexagone, \u00e0 raison de 280\u00a0km par jour en moyenne, dans un esprit de d\u00e9fi personnel et d\u2019endurance. Parmi les neuf Diagonales de France figurent Strasbourg \u2013 Perpignan, Strasbourg \u2013 Hendaye et Strasbourg \u2013 Brest.<\/p>\n<p>Ce contenu est bloqu\u00e9 car vous n&rsquo;avez pas accept\u00e9 les cookies et autres traceurs.<\/p>\n<p>En cliquant sur \u00ab J\u2019accepte \u00bb, les cookies et autres traceurs seront d\u00e9pos\u00e9s et vous pourrez visualiser les contenus  (<a href=\"\" class=\"consentModule_policy\" target=\"_blank\" title=\"Consulter la politique de protection des donn\u00e9es du fournisseur\">plus d&rsquo;informations<\/a>).<\/p>\n<p>En cliquant sur \u00ab J\u2019accepte tous les cookies \u00bb, vous autorisez des d\u00e9p\u00f4ts de cookies et autres traceurs pour le stockage de vos donn\u00e9es sur nos sites et applications \u00e0 des fins de personnalisation et de ciblage publicitaire.<\/p>\n<p class=\"consentModule_secondaryText\">Vous gardez la possibilit\u00e9 de retirer votre consentement \u00e0 tout moment en consultant notre <a href=\"https:\/\/www.dna.fr\/protection-des-donnees\" target=\"_blank\" title=\"Consulter notre politique de protection des donn\u00e9es\" rel=\"nofollow noopener\">politique de protection des donn\u00e9es<\/a>. <br \/>&#13;<br \/>\n            <a href=\"https:\/\/www.dna.fr\/sport\/2025\/08\/11\/javascript:Didomi.notice.show()\" class=\"consentModule_cmp\" rel=\"nofollow noopener\" target=\"_blank\">G\u00e9rer mes choix<\/a>&#13;\n        <\/p>\n<p>&#13;<br \/>\n                        J&rsquo;accepte&#13;<br \/>\n            J&rsquo;accepte tous les cookies&#13;\n        <\/p>\n<p>  60 \u00e9pisodes , 24 000 \u00e9coutes<\/p>\n<p>En un an et demi, plus de 60 \u00e9pisodes ont \u00e9t\u00e9 publi\u00e9s, totalisant plus de 24\u00a0000 \u00e9coutes. \u00c0 travers des t\u00e9moignages de cyclistes \u2013 appel\u00e9s <a href=\"https:\/\/www.dna.fr\/edition-de-molsheim-schirmeck\/2017\/12\/17\/croqueur-de-diagonales\" target=\"_blank\" rel=\"nofollow noopener\">Diagonalistes<\/a> \u2013, le podcast met en lumi\u00e8re une pratique m\u00e9connue, loin des logiques de performance, et valorise les b\u00e9n\u00e9voles qui l\u2019accompagnent, comme Jocelyne, \u00ab\u00a0sariste\u00a0\u00bb (issu de l\u2019acronyme SARE pour Service d\u2019accompagnement routier) bien connue. Le podcast se veut aussi un hommage \u00e0 la richesse des territoires travers\u00e9s et \u00e0 la solidarit\u00e9 qui caract\u00e9rise cette communaut\u00e9. Accessible sur toutes les plateformes d\u2019\u00e9coute, il est r\u00e9guli\u00e8rement relay\u00e9 par la F\u00e9d\u00e9ration fran\u00e7aise de cyclotourisme.<\/p>\n<p>Marc Jacquemond est \u00e9galement <a href=\"https:\/\/www.dna.fr\/edition-de-selestat-centre-alsace\/2018\/12\/22\/je-prends-soin-de-moi\" target=\"_blank\" rel=\"nofollow noopener\">l\u2019auteur d\u2019un ouvrage<\/a> \u00ab\u00a07 ans et 93 heures \u2013 Paris-Brest-Paris, de l\u2019entra\u00eenement au r\u00eave\u00a0\u00bb, r\u00e9cit personnel d\u2019une autre \u00e9preuve mythique de la longue distance. Il s\u2019attache \u00e0 rendre ces aventures accessibles au plus grand nombre.<\/p>\n","protected":false},"excerpt":{"rendered":"Marc Jacquemond, passionn\u00e9 de cyclisme longue distance et membre du Club des Randonneurs de Strasbourg, a lanc\u00e9 fin&hellip;\n","protected":false},"author":2,"featured_media":311989,"comment_status":"","ping_status":"","sticky":false,"template":"","format":"standard","meta":{"footnotes":""},"categories":[2820],"tags":[1111,11,207,2880,1777,674,107,1011,27,775,12,25,640],"class_list":{"0":"post-311988","1":"post","2":"type-post","3":"status-publish","4":"format-standard","5":"has-post-thumbnail","7":"category-strasbourg","8":"tag-actu","9":"tag-actualites","10":"tag-cyclisme","11":"tag-edition-strasbourg","12":"tag-eu","13":"tag-europe","14":"tag-fil-info","15":"tag-fr","16":"tag-france","17":"tag-grand-est","18":"tag-news","19":"tag-republique-francaise","20":"tag-strasbourg"},"share_on_mastodon":{"url":"https:\/\/pubeurope.com\/@fr\/115011099221274092","error":""},"_links":{"self":[{"href":"https:\/\/www.europesays.com\/fr\/wp-json\/wp\/v2\/posts\/311988","targetHints":{"allow":["GET"]}}],"collection":[{"href":"https:\/\/www.europesays.com\/fr\/wp-json\/wp\/v2\/posts"}],"about":[{"href":"https:\/\/www.europesays.com\/fr\/wp-json\/wp\/v2\/types\/post"}],"author":[{"embeddable":true,"href":"https:\/\/www.europesays.com\/fr\/wp-json\/wp\/v2\/users\/2"}],"replies":[{"embeddable":true,"href":"https:\/\/www.europesays.com\/fr\/wp-json\/wp\/v2\/comments?post=311988"}],"version-history":[{"count":0,"href":"https:\/\/www.europesays.com\/fr\/wp-json\/wp\/v2\/posts\/311988\/revisions"}],"wp:featuredmedia":[{"embeddable":true,"href":"https:\/\/www.europesays.com\/fr\/wp-json\/wp\/v2\/media\/311989"}],"wp:attachment":[{"href":"https:\/\/www.europesays.com\/fr\/wp-json\/wp\/v2\/media?parent=311988"}],"wp:term":[{"taxonomy":"category","embeddable":true,"href":"https:\/\/www.europesays.com\/fr\/wp-json\/wp\/v2\/categories?post=311988"},{"taxonomy":"post_tag","embeddable":true,"href":"https:\/\/www.europesays.com\/fr\/wp-json\/wp\/v2\/tags?post=311988"}],"curies":[{"name":"wp","href":"https:\/\/api.w.org\/{rel}","templated":true}]}}