{"id":311996,"date":"2025-08-11T16:39:10","date_gmt":"2025-08-11T16:39:10","guid":{"rendered":"https:\/\/www.europesays.com\/fr\/311996\/"},"modified":"2025-08-11T16:39:10","modified_gmt":"2025-08-11T16:39:10","slug":"sur-cette-route-tres-empruntee-pour-aller-a-la-plage-depuis-bordeaux-un-grave-accident-fait-cinq-blesses","status":"publish","type":"post","link":"https:\/\/www.europesays.com\/fr\/311996\/","title":{"rendered":"Sur cette route tr\u00e8s emprunt\u00e9e pour aller \u00e0 la plage depuis Bordeaux, un grave accident fait cinq bless\u00e9s"},"content":{"rendered":"<p>            Par<br \/>\n        <strong><br \/>\n            <a href=\"https:\/\/actu.fr\/auteur\/sports33\" title=\"Consulter tous les articles de Nicolas Gosselin\" rel=\"nofollow noopener\" target=\"_blank\">Nicolas Gosselin<\/a><br \/>\n        <\/strong><\/p>\n<p>        Publi\u00e9 le<\/p>\n<p>            11 ao\u00fbt 2025 \u00e0 18h17        <\/p>\n<p>C\u2019est une route d\u00e9partementale connue pour \u00eatre <strong>accidentog\u00e8ne<\/strong>, voire <strong>parfois meurtri\u00e8re<\/strong>. Dimanche 10 ao\u00fbt 2025, un <a href=\"https:\/\/actu.fr\/tag\/accident\" rel=\"nofollow noopener\" target=\"_blank\">accident impliquant cinq voitures<\/a> a eu lieu sur la <strong>D6<\/strong>, autrement appel\u00e9e route de Lacanau, qui permet de relier Bordeaux et l\u2019oc\u00e9an.<\/p>\n<p class=\" wall-content\">Le carambolage s\u2019est d\u00e9roul\u00e9 au niveau de <a href=\"https:\/\/actu.fr\/nouvelle-aquitaine\/sainte-helene_33417\" rel=\"nofollow noopener\" target=\"_blank\">Sainte-H\u00e9l\u00e8ne<\/a> (Gironde) vers 19 heures, \u00e0 une heure o\u00f9 la <a href=\"https:\/\/actu.fr\/tag\/circulation\" rel=\"nofollow noopener\" target=\"_blank\">circulation<\/a> est dense en direction de Bordeaux avec <strong>les retours de la plage<\/strong>.<\/p>\n<p>Deux bless\u00e9s graves<\/p>\n<p class=\" wall-content\">Au total, <strong>14 personnes ont \u00e9t\u00e9 impliqu\u00e9es dans cette collision<\/strong> et cinq ont d\u00fb \u00eatre \u00e9vacu\u00e9es pour une prise en charge \u00e0 l\u2019h\u00f4pital. Une femme de 57 ans et un homme de 21 ans ont \u00e9t\u00e9 bless\u00e9s gravement et \u00e9vacu\u00e9s en urgence absolue vers l\u2019h\u00f4pital Pellegrin \u00e0 Bordeaux.<\/p>\n<p class=\" wall-content\">Un homme de 25 ans, un autre de 19 ans et une femme de 17 ans ont, eux, \u00e9t\u00e9 bless\u00e9s l\u00e9g\u00e8rement. Ils ont \u00e9t\u00e9 dispatch\u00e9s respectivement entre la clinique d\u2019Ar\u00e8s, l\u2019h\u00f4pital Pellegrin et la polyclinique de Bordeaux Nord.<\/p>\n<p class=\" wall-content\">La circulation a \u00e9t\u00e9 impact\u00e9e dans les deux sens, durant le temps de l\u2019intervention des secours puis des d\u00e9panneurs.<\/p>\n<p class=\" wall-content\">Suivez toute l\u2019actualit\u00e9 de vos villes et m\u00e9dias favoris en vous inscrivant \u00e0 <a href=\"https:\/\/moncompte.actu.fr\" title=\"D\u00e9couvez Mon Actu\" rel=\"nofollow noopener\" data-trk=\"{&quot;cta&quot;:{&quot;action&quot;:&quot;https:\\\/\\\/moncompte.actu.fr&quot;,&quot;category&quot;:&quot;mon compte&quot;,&quot;from&quot;:&quot;article footer&quot;,&quot;name&quot;:&quot;Mon actu&quot;,&quot;type&quot;:&quot;cta&quot;}}\" target=\"_blank\">Mon Actu<\/a>.<\/p>\n","protected":false},"excerpt":{"rendered":"Par Nicolas Gosselin Publi\u00e9 le 11 ao\u00fbt 2025 \u00e0 18h17 C\u2019est une route d\u00e9partementale connue pour \u00eatre accidentog\u00e8ne,&hellip;\n","protected":false},"author":2,"featured_media":311997,"comment_status":"","ping_status":"","sticky":false,"template":"","format":"standard","meta":{"footnotes":""},"categories":[2817],"tags":[119,1111,11,1997,1777,674,118,1011,27,12,2219,25],"class_list":{"0":"post-311996","1":"post","2":"type-post","3":"status-publish","4":"format-standard","5":"has-post-thumbnail","7":"category-bordeaux","8":"tag-accident","9":"tag-actu","10":"tag-actualites","11":"tag-bordeaux","12":"tag-eu","13":"tag-europe","14":"tag-faits-divers","15":"tag-fr","16":"tag-france","17":"tag-news","18":"tag-nouvelle-aquitaine","19":"tag-republique-francaise"},"share_on_mastodon":{"url":"https:\/\/pubeurope.com\/@fr\/115011122982940950","error":""},"_links":{"self":[{"href":"https:\/\/www.europesays.com\/fr\/wp-json\/wp\/v2\/posts\/311996","targetHints":{"allow":["GET"]}}],"collection":[{"href":"https:\/\/www.europesays.com\/fr\/wp-json\/wp\/v2\/posts"}],"about":[{"href":"https:\/\/www.europesays.com\/fr\/wp-json\/wp\/v2\/types\/post"}],"author":[{"embeddable":true,"href":"https:\/\/www.europesays.com\/fr\/wp-json\/wp\/v2\/users\/2"}],"replies":[{"embeddable":true,"href":"https:\/\/www.europesays.com\/fr\/wp-json\/wp\/v2\/comments?post=311996"}],"version-history":[{"count":0,"href":"https:\/\/www.europesays.com\/fr\/wp-json\/wp\/v2\/posts\/311996\/revisions"}],"wp:featuredmedia":[{"embeddable":true,"href":"https:\/\/www.europesays.com\/fr\/wp-json\/wp\/v2\/media\/311997"}],"wp:attachment":[{"href":"https:\/\/www.europesays.com\/fr\/wp-json\/wp\/v2\/media?parent=311996"}],"wp:term":[{"taxonomy":"category","embeddable":true,"href":"https:\/\/www.europesays.com\/fr\/wp-json\/wp\/v2\/categories?post=311996"},{"taxonomy":"post_tag","embeddable":true,"href":"https:\/\/www.europesays.com\/fr\/wp-json\/wp\/v2\/tags?post=311996"}],"curies":[{"name":"wp","href":"https:\/\/api.w.org\/{rel}","templated":true}]}}