{"id":311998,"date":"2025-08-11T16:40:12","date_gmt":"2025-08-11T16:40:12","guid":{"rendered":"https:\/\/www.europesays.com\/fr\/311998\/"},"modified":"2025-08-11T16:40:12","modified_gmt":"2025-08-11T16:40:12","slug":"record-battu-lundi-a-bordeaux-la-chaleur-progresse-vers-le-nord-et-lest-liberation","status":"publish","type":"post","link":"https:\/\/www.europesays.com\/fr\/311998\/","title":{"rendered":"record battu lundi \u00e0 Bordeaux, la chaleur progresse vers le Nord et l\u2019Est \u2013 Lib\u00e9ration"},"content":{"rendered":"<p class=\"sc-ksZaOG ehjQrN text-element\">Multipliez les ventilateurs et les bouteilles d\u2019eau. <a href=\"https:\/\/www.liberation.fr\/environnement\/depasser-les-40-c-en-aout-na-rien-de-normal-la-deuxieme-canicule-de-lete-sintensifie-ce-lundi-dans-le-sud-20250810_EFGNJ7VEPZGF7DXXGXAWIFT2E4\/\" target=\"_blank\" rel=\"noreferrer noopener\" title=\"https:\/\/www.liberation.fr\/environnement\/depasser-les-40-c-en-aout-na-rien-de-normal-la-deuxieme-canicule-de-lete-sintensifie-ce-lundi-dans-le-sud-20250810_EFGNJ7VEPZGF7DXXGXAWIFT2E4\/\">La vague de chaleur qui touche la France<\/a> depuis le vendredi 8 ao\u00fbt, la 51e depuis 1947, devrait se prolonger jusqu\u2019au 19 ou 20 ao\u00fbt, selon M\u00e9t\u00e9o France. Apr\u00e8s un pic des temp\u00e9ratures ce lundi 11 ao\u00fbt dans la moiti\u00e9 sud du pays, tout particuli\u00e8rement le Sud-Ouest, la chaleur va progressivement gagner le reste du territoire.<\/p>\n<p class=\"sc-ksZaOG ehjQrN text-element\">Mardi 12 ao\u00fbt, les temp\u00e9ratures resteront ainsi tr\u00e8s \u00e9lev\u00e9es sur le Sud-Ouest, les 40 degr\u00e9s pouvant m\u00eame atteindre le littoral aquitain par endroits. En parall\u00e8le, les fortes chaleurs progresseront vers le Nord et l\u2019Est, avec des pr\u00e9visions de 36 \u00e0 38 degr\u00e9s du Val-de-Loire \u00e0 l\u2019Ile-de-France et au Grand-Est. En vall\u00e9e du Rh\u00f4ne jusqu\u2019\u00e0 Lyon, les temp\u00e9ratures pourraient atteindre 40 ou 41 degr\u00e9s.<\/p>\n<p class=\"sc-ksZaOG ehjQrN text-element\">A compter de mardi 12 ao\u00fbt, 6 heures du matin, la Charente et la Charente-Maritime, actuellement en vigilance rouge, repasseront en vigilance orange. Puis, \u00e0 partir de 12 heures, 14 d\u00e9partements seront en rouge : l\u2019Aude, la Dordogne, la Haute-Garonne, le Gers, la Gironde, les Landes, le Lot, le Lot-et-Garonne, le Tarn et le Tarn-et-Garonne, qui \u00e9taient d\u00e9j\u00e0 concern\u00e9s. S\u2019ajouteront \u00e0 cette liste quatre nouveaux : le Rh\u00f4ne, l\u2019Is\u00e8re, la Dr\u00f4me et l\u2019Ard\u00e8che. En parall\u00e8le, <a href=\"https:\/\/vigilance.meteofrance.fr\/fr\/demain\" target=\"_blank\" rel=\"noreferrer noopener\" title=\"https:\/\/vigilance.meteofrance.fr\/fr\/demain\">67 d\u00e9partements seront en vigilance orange<\/a> et 9 en jaune.<\/p>\n<p class=\"sc-ksZaOG ehjQrN text-element\">Seuls territoires \u00e9pargn\u00e9s demain : la Seine-Maritime, l\u2019Eure, l\u2019Orne, le Calvados, qui \u00e9taient d\u00e9j\u00e0 verts aujourd\u2019hui, ainsi que la Manche, les C\u00f4tes-d\u2019Armor, le Finist\u00e8re et le Morbihan, qui repasseront en vert. \u00abNous sommes sur une intensit\u00e9 exceptionnelle avec des records probables\u00bb, note Damien Griffaut, permanencier de pr\u00e9vision \u00e0 M\u00e9t\u00e9o-France.<\/p>\n<p class=\"sc-ksZaOG ehjQrN text-element\">Les temp\u00e9ratures devraient se \u00abstabiliser voire l\u00e9g\u00e8rement diminuer\u00bb entre mercredi et jeudi en raison d\u2019un \u00abpassage orageux\u00bb, pr\u00e9cise Patrick Galois, pr\u00e9visionniste. Mais elles remonteront ensuite rapidement : \u00abNous attendons un nouveau pic de canicule entre le vendredi 15 et le samedi 16 ao\u00fbt voire le dimanche 17 ao\u00fbt dans le sud-est de la France.\u00bb<\/p>\n<p class=\"sc-ksZaOG ehjQrN text-element\">Le bulletin de 16 heures du jour de M\u00e9t\u00e9o-France \u00e9voque, pour ce lundi vers 16 heures, que l\u2019on rel\u00e8ve 41 degr\u00e9s \u00e0 Toulouse, Carcassonne, et Montauban, ainsi que 41,6 \u00b0C \u00e0 Bordeaux, qui bat son record de chaleur.<\/p>\n<p class=\"sc-ksZaOG ehjQrN text-element\">Ce week-end a d\u00e9j\u00e0 \u00e9t\u00e9 le th\u00e9\u00e2tre de plusieurs records. Samedi 9 ao\u00fbt, \u00e0 Romans-sur-Is\u00e8re (Dr\u00f4me), il s\u2019agit de la premi\u00e8re fois qu\u2019une temp\u00e9rature aussi \u00e9lev\u00e9e est mesur\u00e9e avec 41,5 degr\u00e9s, d\u00e9passant les 41,1 enregistr\u00e9s lors de la canicule du 24 juillet 2019. Autre record, le m\u00eame jour, au Mazet-Saint-Voy (Haute-Loire), commune situ\u00e9e \u00e0 1 130 m\u00e8tres d\u2019altitude, o\u00f9 l\u2019on recense 33,9 degr\u00e9s, de quoi \u00e9craser les 33 degr\u00e9s du 24 ao\u00fbt 2023.<\/p>\n<p class=\"sc-ksZaOG ehjQrN text-element\">Dimanche 10 ao\u00fbt, c\u2019\u00e9tait au tour de la station de N\u00eemes-Garons (Gard) de surchauffer. Ouverte en 1964, jamais une temp\u00e9rature aussi \u00e9lev\u00e9e n\u2019avait \u00e9t\u00e9 mesur\u00e9e durant le mois d\u2019ao\u00fbt avec 40,9 degr\u00e9s, d\u00e9passant l\u00e0 encore les 40,4 degr\u00e9s enregistr\u00e9s le 24 ao\u00fbt 2023. En revanche, 44,1 degr\u00e9s ont d\u00e9j\u00e0 \u00e9t\u00e9 recens\u00e9s sur la station, le 28 juin 2019.<\/p>\n<p class=\"sc-ksZaOG ehjQrN text-element\">Comme toujours, Sant\u00e9 publique France (Spf) rappelle <a href=\"https:\/\/www.liberation.fr\/lifestyle\/se-rafraichir-avec-de-leau-froide-en-cas-de-canicule-fausse-bonne-idee-20250702_ILFIPRHAU5FYFCRAC32EEY4PVM\/\" target=\"_blank\" rel=\"noreferrer noopener\" title=\"https:\/\/www.liberation.fr\/lifestyle\/se-rafraichir-avec-de-leau-froide-en-cas-de-canicule-fausse-bonne-idee-20250702_ILFIPRHAU5FYFCRAC32EEY4PVM\/\">un certain nombre de bonnes pratiques<\/a> \u00e0 observer durant les p\u00e9riodes de canicule. Rester au frais, privil\u00e9gier les sorties t\u00f4t le matin, bien s\u2019hydrater en buvant avant de ressentir la sensation de soif, \u00e9viter les boissons qui favorisent la d\u00e9shydratation comme le caf\u00e9, le th\u00e9 et l\u2019alcool et privil\u00e9gier la consommation de fruits et l\u00e9gumes riches en eau.<\/p>\n<p class=\"sc-ksZaOG ehjQrN text-element\">\u00abSi on ne respecte pas ces quelques consignes simples, on peut ressentir <a href=\"https:\/\/www.liberation.fr\/societe\/sante\/canicule-quand-lorganisme-est-confronte-aux-nuits-tropicales-20250810_3KJNT5YHUVHR7LU2UZFNJ3P344\/\" target=\"_blank\" rel=\"noreferrer noopener\" title=\"https:\/\/www.liberation.fr\/societe\/sante\/canicule-quand-lorganisme-est-confronte-aux-nuits-tropicales-20250810_3KJNT5YHUVHR7LU2UZFNJ3P344\/\">des effets directs de la surexposition \u00e0 la chaleur<\/a> comme l\u2019hyperthermie ou la d\u00e9shydratation\u00bb, rel\u00e8ve Agn\u00e8s Verrier, \u00e0 la direction de la pr\u00e9vention et de la promotion de la sant\u00e9. Pour ce qui est du sport, elle invite \u00e0 privil\u00e9gier des activit\u00e9s physiques douces et \u00e0 renoncer \u00e0 celles qui ne sont pas encadr\u00e9es, comme le jogging.<\/p>\n<p class=\"sc-ksZaOG ehjQrN text-element\">Des recommandations qui doivent s\u2019appliquer \u00e0 toutes les tranches d\u2019\u00e2ge, avec une vigilance accrue pour les personnes fragiles comme les enfants et les plus \u00e2g\u00e9s, dont il est important de prendre des nouvelles r\u00e9guli\u00e8rement.<\/p>\n<p class=\"sc-ksZaOG ehjQrN text-element\">Prudence absolue \u00e9galement au niveau des baignades, alors que l\u2019\u00e9t\u00e9 2025 est particuli\u00e8rement meurtrier au niveau des noyades. Spf recommande de se tourner vers des lieux surveill\u00e9s par des ma\u00eetres nageurs professionnels, de reporter son bain en cas de fatigue ou de maladie, et de penser \u00e0 mouiller nuque, t\u00eate et ventre pour \u00e9viter les chocs thermiques.<\/p>\n","protected":false},"excerpt":{"rendered":"Multipliez les ventilateurs et les bouteilles d\u2019eau. La vague de chaleur qui touche la France depuis le vendredi&hellip;\n","protected":false},"author":2,"featured_media":311999,"comment_status":"","ping_status":"","sticky":false,"template":"","format":"standard","meta":{"footnotes":""},"categories":[2817],"tags":[1111,11,2430,1997,829,6698,1777,674,1011,27,2428,12,5161,2219,2680,25],"class_list":{"0":"post-311998","1":"post","2":"type-post","3":"status-publish","4":"format-standard","5":"has-post-thumbnail","7":"category-bordeaux","8":"tag-actu","9":"tag-actualites","10":"tag-auvergne-rhone-alpes","11":"tag-bordeaux","12":"tag-bretagne","13":"tag-canicule","14":"tag-eu","15":"tag-europe","16":"tag-fr","17":"tag-france","18":"tag-lyon","19":"tag-news","20":"tag-normandie","21":"tag-nouvelle-aquitaine","22":"tag-occitanie","23":"tag-republique-francaise"},"share_on_mastodon":{"url":"https:\/\/pubeurope.com\/@fr\/115011126835930395","error":""},"_links":{"self":[{"href":"https:\/\/www.europesays.com\/fr\/wp-json\/wp\/v2\/posts\/311998","targetHints":{"allow":["GET"]}}],"collection":[{"href":"https:\/\/www.europesays.com\/fr\/wp-json\/wp\/v2\/posts"}],"about":[{"href":"https:\/\/www.europesays.com\/fr\/wp-json\/wp\/v2\/types\/post"}],"author":[{"embeddable":true,"href":"https:\/\/www.europesays.com\/fr\/wp-json\/wp\/v2\/users\/2"}],"replies":[{"embeddable":true,"href":"https:\/\/www.europesays.com\/fr\/wp-json\/wp\/v2\/comments?post=311998"}],"version-history":[{"count":0,"href":"https:\/\/www.europesays.com\/fr\/wp-json\/wp\/v2\/posts\/311998\/revisions"}],"wp:featuredmedia":[{"embeddable":true,"href":"https:\/\/www.europesays.com\/fr\/wp-json\/wp\/v2\/media\/311999"}],"wp:attachment":[{"href":"https:\/\/www.europesays.com\/fr\/wp-json\/wp\/v2\/media?parent=311998"}],"wp:term":[{"taxonomy":"category","embeddable":true,"href":"https:\/\/www.europesays.com\/fr\/wp-json\/wp\/v2\/categories?post=311998"},{"taxonomy":"post_tag","embeddable":true,"href":"https:\/\/www.europesays.com\/fr\/wp-json\/wp\/v2\/tags?post=311998"}],"curies":[{"name":"wp","href":"https:\/\/api.w.org\/{rel}","templated":true}]}}