{"id":3120,"date":"2025-04-04T17:34:13","date_gmt":"2025-04-04T17:34:13","guid":{"rendered":"https:\/\/www.europesays.com\/fr\/3120\/"},"modified":"2025-04-04T17:34:13","modified_gmt":"2025-04-04T17:34:13","slug":"pronostic-stanislas-wawrinka-pedro-martinez-portero-atp-bucarest","status":"publish","type":"post","link":"https:\/\/www.europesays.com\/fr\/3120\/","title":{"rendered":"Pronostic Stanislas Wawrinka Pedro Martinez Portero &#8211; ATP Bucarest"},"content":{"rendered":"<p class=\"text-xs leading-5 text-gray-400 mb-2\">\n                        Publi\u00e9 le 03\/04\/2025 03:01<br \/>\n                        \u00a0par<br \/>\n                                                            <a href=\"https:\/\/www.sportytrader.com\/auteur\/jeremy-ernou-10\/\" target=\"_blank\" rel=\"noopener\">J\u00e9r\u00e9my Ernou<\/a><\/p>\n<p>                                                    |<br \/>\n                            Modifi\u00e9 le<br \/>\n                                03\/04\/2025<br \/>\n                                \u00e0 03:02<\/p>\n<p>                                                                                                            dans<br \/>\n                                <a data-trans=\"tips.published.sport %sport%\" href=\"https:\/\/www.sportytrader.com\/pronostics\/tennis\/\" target=\"_blank\" rel=\"noopener\"><br \/>\n                                    Pronostics Tennis<br \/>\n                                <\/a><\/p>\n<p>Le Suisse Stan Wawrinka et l\u2019Espagnol Pedro Martinez s\u2019affrontent ce soir au tournoi de Bucarest pour une place en quart de finale.<\/p>\n<p>\u00c7a y est, Stan Wawrinka a d\u00e9bloqu\u00e9 son compteur sur le circuit ATP en 2025 ! Fanny jusqu\u2019\u00e0 pr\u00e9sent cette ann\u00e9e avec des revers au premier tour des tournois de l\u2019Open d\u2019Australie, Montpellier, Rotterdam et Marseille, ainsi que lors des qualifications \u00e0 Doha, le Suisse a remport\u00e9 son premier match sur le circuit en disposant, certes difficilement, du Kazakh Timofey Skatov. Une victoire en plus de 3 heures de combat qui devrait peser dans les jambes du tennisman helv\u00e8te qui peut conna\u00eetre des soucis \u00e0 enchainer les grosses prestations avec ses 40 ans. Le jour de repos mercredi n\u2019aura pas \u00e9t\u00e9 de trop avant d\u2019entrer sur le court ce jeudi en Roumanie pour affronter l\u2019un des favoris, Pedro Martinez.<\/p>\n<p>Avec son statut de t\u00eate de s\u00e9rie num\u00e9ro 2, l\u2019Espagnol arrive \u00e0 Bucarest avec de grandes ambitions mais aussi le besoin de se relancer apr\u00e8s des derni\u00e8res semaines difficiles. Une s\u00e9rie de 5 revers de rang d\u00e8s son entr\u00e9e en lice qui avait fait suite \u00e0 une demi-finale \u00e0 Buenos Aires mi-f\u00e9vrier. Pur terrien, le 47\u00e8me joueur \u00e0 l\u2019ATP ne sera pas le m\u00eame homme sur sa surface favorite \u00e0 partir de ce jeudi o\u00f9 face \u00e0 l\u2019exp\u00e9riment\u00e9 Stan Wawrinka, Pedro Martinez ne devra pas manquer ses d\u00e9buts dans la capitale roumaine. <\/p>\n","protected":false},"excerpt":{"rendered":"Publi\u00e9 le 03\/04\/2025 03:01 \u00a0par J\u00e9r\u00e9my Ernou | Modifi\u00e9 le 03\/04\/2025 \u00e0 03:02 dans Pronostics Tennis Le Suisse&hellip;\n","protected":false},"author":2,"featured_media":3121,"comment_status":"","ping_status":"","sticky":false,"template":"","format":"standard","meta":{"footnotes":""},"categories":[1415],"tags":[2234,1011,27,2233,1817,1821,60,2232,1467],"class_list":{"0":"post-3120","1":"post","2":"type-post","3":"status-publish","4":"format-standard","5":"has-post-thumbnail","7":"category-tennis","8":"tag-atp-bucarest","9":"tag-fr","10":"tag-france","11":"tag-pedro-martinez-portero","12":"tag-pronostic","13":"tag-pronostics","14":"tag-sports","15":"tag-stanislas-wawrinka","16":"tag-tennis"},"share_on_mastodon":{"url":"https:\/\/pubeurope.com\/@fr\/114280901030659063","error":""},"_links":{"self":[{"href":"https:\/\/www.europesays.com\/fr\/wp-json\/wp\/v2\/posts\/3120","targetHints":{"allow":["GET"]}}],"collection":[{"href":"https:\/\/www.europesays.com\/fr\/wp-json\/wp\/v2\/posts"}],"about":[{"href":"https:\/\/www.europesays.com\/fr\/wp-json\/wp\/v2\/types\/post"}],"author":[{"embeddable":true,"href":"https:\/\/www.europesays.com\/fr\/wp-json\/wp\/v2\/users\/2"}],"replies":[{"embeddable":true,"href":"https:\/\/www.europesays.com\/fr\/wp-json\/wp\/v2\/comments?post=3120"}],"version-history":[{"count":0,"href":"https:\/\/www.europesays.com\/fr\/wp-json\/wp\/v2\/posts\/3120\/revisions"}],"wp:featuredmedia":[{"embeddable":true,"href":"https:\/\/www.europesays.com\/fr\/wp-json\/wp\/v2\/media\/3121"}],"wp:attachment":[{"href":"https:\/\/www.europesays.com\/fr\/wp-json\/wp\/v2\/media?parent=3120"}],"wp:term":[{"taxonomy":"category","embeddable":true,"href":"https:\/\/www.europesays.com\/fr\/wp-json\/wp\/v2\/categories?post=3120"},{"taxonomy":"post_tag","embeddable":true,"href":"https:\/\/www.europesays.com\/fr\/wp-json\/wp\/v2\/tags?post=3120"}],"curies":[{"name":"wp","href":"https:\/\/api.w.org\/{rel}","templated":true}]}}