{"id":312006,"date":"2025-08-11T16:44:18","date_gmt":"2025-08-11T16:44:18","guid":{"rendered":"https:\/\/www.europesays.com\/fr\/312006\/"},"modified":"2025-08-11T16:44:18","modified_gmt":"2025-08-11T16:44:18","slug":"trois-radars-durant-le-chantier-de-la1-au-sud-de-lille-ou-sont-ils-places","status":"publish","type":"post","link":"https:\/\/www.europesays.com\/fr\/312006\/","title":{"rendered":"Trois radars durant le chantier de l\u2019A1 au sud de Lille : o\u00f9 sont-ils plac\u00e9s\u00a0?"},"content":{"rendered":"<p>            Par<br \/>\n        <strong><br \/>\n            <a href=\"https:\/\/actu.fr\/auteur\/annesophie-2\" title=\"Consulter tous les articles de Anne-Sophie Hourdeaux\" target=\"_blank\" rel=\"noopener\">Anne-Sophie Hourdeaux<\/a><br \/>\n        <\/strong><\/p>\n<p>        Publi\u00e9 le<\/p>\n<p>            11 ao\u00fbt 2025 \u00e0 17h36        <\/p>\n<p>On vous en parlait la semaine derni\u00e8re\u2009: <b>plusieurs radars de chantier ont \u00e9t\u00e9 install\u00e9s le temps des travaux de l\u2019A1 <\/b>\u00e0 la sortie de <b>Lille<\/b>, sur le tronc commun entre la RN356, l\u2019A22 et l\u2019A25. <b>Une portion de 5\u00a0km qui est la b\u00eate noire des automobilistes, <\/b>car <b>plusieurs radars <\/b>de chantier y ont \u00e9t\u00e9 install\u00e9s. Et ils sont 3\u2009! On sait <b>o\u00f9 ils sont pr\u00e9cis\u00e9ment<\/b>. Une bonne nouvelle\u2009: ils seront <b>\u00f4t\u00e9s bient\u00f4t\u2009<\/b>!<\/p>\n<p>Fin du chantier avec de l\u2019avance, vers le 15\u00a0ao\u00fbt\u2009?<\/p>\n<p class=\" wall-content\">Le chantier de l\u2019A1 commenc\u00e9 le 9\u00a0juillet s\u2019ach\u00e8ve. Il finira au plus tard le 19\u00a0ao\u00fbt 2025, voire avant, car lors de la pose de l\u2019enrob\u00e9 le 6\u00a0ao\u00fbt 2025, la DIR Nord, direction interd\u00e9partementale des routes, nous annon\u00e7ait que la fin des travaux aurait peut-\u00eatre lieu vers le 15\u00a0ao\u00fbt.<\/p>\n<p class=\" wall-content\">Durant le temps des travaux, les limitations de vitesse sont impos\u00e9es \u00e0 l\u2019approche du chantier. Et pour enfoncer le clou, des radars sont install\u00e9s. Pas seulement un, mais 3\u2009!<\/p>\n<p>Trois radars temporaires\u2009: o\u00f9 sont-ils\u2009?<\/p>\n<p class=\" wall-content\">Il y a 3 radars temporaires install\u00e9s \u00ab\u2009pour s\u00e9curiser les travailleurs du chantier de r\u00e9fection de l\u2019A1 et obliger les voitures \u00e0 ralentir avant les d\u00e9viations mises en place\u2009\u00bb rappelle la DIR Nord. Deux flashent \u00e0 50, le 3e \u00e0 70.<\/p>\n<p class=\" wall-content\">Ces radars flashent l\u2019arri\u00e8re des v\u00e9hicules, donc beaucoup d\u2019automobilistes et motards ne s\u2019en rendent pas compte.<\/p>\n<p>    <img   decoding=\"async\" loading=\"lazy\" class=\"size-large\" src=\"https:\/\/www.europesays.com\/fr\/wp-content\/uploads\/2025\/08\/62dabf31c9986d6dabf31c9982bdabv-960x640.jpg\" alt=\"radar sur l'A25 dans le sens Dunkerque vers Lille, limitation provisoire \u00e0 50 au lieu de 70 km\/h.\" width=\"960\" height=\"640\"\/><br \/>\n    Voil\u00e0 le radar sur l\u2019A25 dans le sens Dunkerque vers Lille, limitation provisoire \u00e0 50 au lieu de 70\u00a0km\/h. \u00a9DIR Nord<\/p>\n<p class=\" wall-content\">Mais o\u00f9 sont-ils pr\u00e9cis\u00e9ment\u2009?<\/p>\n<ul class=\" wall-content\">\n<li>l\u2019un est situ\u00e9 sur l\u2019A25 dans le sens Dunkerque vers Lille avec une limitation fix\u00e9e \u00e0 50\u00a0km\/h. Il contr\u00f4le les v\u00e9hicules qui sont dirig\u00e9s vers la N356\u2009;<\/li>\n<\/ul>\n<p>    <img   decoding=\"async\" loading=\"lazy\" class=\"size-large\" src=\"https:\/\/www.europesays.com\/fr\/wp-content\/uploads\/2025\/08\/5210d041c99861f10d041c9981320dv-960x640.jpg\" alt=\"radar sur l'A22 au niveau de l'embranchement entre l'A1 et l'A22 vers A27 avec limitation provisoire \u00e0 70 km\/h au lieu de 90.\" width=\"960\" height=\"640\"\/><br \/>\n    Voil\u00e0 le radar sur l\u2019A22 au niveau de l\u2019embranchement entre l\u2019A1 et l\u2019A22 vers A27 avec limitation provisoire \u00e0 70\u00a0km\/h au lieu de 90. \u00a9DIR Nord<\/p>\n<ul class=\" wall-content\">\n<li>un autre est install\u00e9 sur l\u2019A22 au niveau de l\u2019embranchement entre l\u2019A1 et l\u2019A22 dans le sens A1 vers A27 avec une limitation \u00e0 70\u00a0km\/h\u2009;<\/li>\n<\/ul>\n<p>    <img   decoding=\"async\" loading=\"lazy\" class=\"size-large\" src=\"https:\/\/www.europesays.com\/fr\/wp-content\/uploads\/2025\/08\/85a78141c9986a9a78141c9987da78v-960x640.jpg\" alt=\"radar sur RN356 dans le sens A22 vers A1, avec limitation \u00e0 50 au lieu de 70 km\/h.\" width=\"960\" height=\"640\"\/><br \/>\n    Voil\u00e0 le radar sur RN356 dans le sens A22 vers A1, avec limitation \u00e0 50 au lieu de 70\u00a0km\/h. \u00a9DIR Nord<\/p>\n<ul class=\" wall-content\">\n<li>le 3e est pr\u00e9sent sur la N356 dans le sens A22 vers A1 avec une limitation \u00e0 50\u00a0km\/h.<\/li>\n<\/ul>\n<p class=\" wall-content\">Suivez toute l\u2019actualit\u00e9 de vos villes et m\u00e9dias favoris en vous inscrivant \u00e0 <a href=\"https:\/\/moncompte.actu.fr\" title=\"D\u00e9couvez Mon Actu\" rel=\"nofollow noopener\" data-trk=\"{&quot;cta&quot;:{&quot;action&quot;:&quot;https:\\\/\\\/moncompte.actu.fr&quot;,&quot;category&quot;:&quot;mon compte&quot;,&quot;from&quot;:&quot;article footer&quot;,&quot;name&quot;:&quot;Mon actu&quot;,&quot;type&quot;:&quot;cta&quot;}}\" target=\"_blank\">Mon Actu<\/a>.<\/p>\n","protected":false},"excerpt":{"rendered":"Par Anne-Sophie Hourdeaux Publi\u00e9 le 11 ao\u00fbt 2025 \u00e0 17h36 On vous en parlait la semaine derni\u00e8re\u2009: plusieurs&hellip;\n","protected":false},"author":2,"featured_media":312007,"comment_status":"","ping_status":"","sticky":false,"template":"","format":"standard","meta":{"footnotes":""},"categories":[2815],"tags":[1111,11,1777,674,1011,27,811,1307,12,6957,25,104],"class_list":{"0":"post-312006","1":"post","2":"type-post","3":"status-publish","4":"format-standard","5":"has-post-thumbnail","7":"category-lille","8":"tag-actu","9":"tag-actualites","10":"tag-eu","11":"tag-europe","12":"tag-fr","13":"tag-france","14":"tag-hauts-de-france","15":"tag-lille","16":"tag-news","17":"tag-radars","18":"tag-republique-francaise","19":"tag-societe"},"share_on_mastodon":{"url":"https:\/\/pubeurope.com\/@fr\/115011142543780817","error":""},"_links":{"self":[{"href":"https:\/\/www.europesays.com\/fr\/wp-json\/wp\/v2\/posts\/312006","targetHints":{"allow":["GET"]}}],"collection":[{"href":"https:\/\/www.europesays.com\/fr\/wp-json\/wp\/v2\/posts"}],"about":[{"href":"https:\/\/www.europesays.com\/fr\/wp-json\/wp\/v2\/types\/post"}],"author":[{"embeddable":true,"href":"https:\/\/www.europesays.com\/fr\/wp-json\/wp\/v2\/users\/2"}],"replies":[{"embeddable":true,"href":"https:\/\/www.europesays.com\/fr\/wp-json\/wp\/v2\/comments?post=312006"}],"version-history":[{"count":0,"href":"https:\/\/www.europesays.com\/fr\/wp-json\/wp\/v2\/posts\/312006\/revisions"}],"wp:featuredmedia":[{"embeddable":true,"href":"https:\/\/www.europesays.com\/fr\/wp-json\/wp\/v2\/media\/312007"}],"wp:attachment":[{"href":"https:\/\/www.europesays.com\/fr\/wp-json\/wp\/v2\/media?parent=312006"}],"wp:term":[{"taxonomy":"category","embeddable":true,"href":"https:\/\/www.europesays.com\/fr\/wp-json\/wp\/v2\/categories?post=312006"},{"taxonomy":"post_tag","embeddable":true,"href":"https:\/\/www.europesays.com\/fr\/wp-json\/wp\/v2\/tags?post=312006"}],"curies":[{"name":"wp","href":"https:\/\/api.w.org\/{rel}","templated":true}]}}