{"id":312022,"date":"2025-08-11T16:52:12","date_gmt":"2025-08-11T16:52:12","guid":{"rendered":"https:\/\/www.europesays.com\/fr\/312022\/"},"modified":"2025-08-11T16:52:12","modified_gmt":"2025-08-11T16:52:12","slug":"des-distributeurs-de-creme-solaire-gratuits-installes-dans-les-rues-de-paris","status":"publish","type":"post","link":"https:\/\/www.europesays.com\/fr\/312022\/","title":{"rendered":"Des distributeurs de cr\u00e8me solaire gratuits install\u00e9s dans les rues de Paris"},"content":{"rendered":"<p>Depuis quelques ann\u00e9es d\u00e9j\u00e0, les<strong> bornes de <a href=\"https:\/\/www.lebonbon.fr\/paris\/news\/cremes-solaires-conseils-dermatologue\/\" rel=\"nofollow noopener\" target=\"_blank\">cr\u00e8me solaire <\/a>gratuites<\/strong> avaient fait leur <strong>apparition<\/strong> sur les<strong> bords de plage<\/strong>. Et cet \u00e9t\u00e9, face \u00e0 un <strong>soleil puissant,<\/strong> la capitale a d\u00e9cid\u00e9 de <strong>suivre la tendance<\/strong> et de <strong>prot\u00e9ger ses habitant<\/strong>s, en s\u2019\u00e9quipant elle aussi de <strong>distributeurs en libre-service.<\/strong> Depuis quelques semaines, ce sont donc <strong>une cinquantaine de piliers<\/strong> remplis de <strong>protection contre les UV<\/strong> qui ont \u00e9t\u00e9 install\u00e9s dans des <strong>spots symboliques<\/strong> de la capitale.<\/p>\n<p>&#13;<br \/>\n<br \/>Un danger sous-estim\u00e9&#13;<\/p>\n<p>Depuis les <strong>ann\u00e9es 90,<\/strong> le nombre de <strong>cancers de la peau<\/strong> a <strong>tripl\u00e9<\/strong> en France. Ces derniers repr\u00e9sentent d\u2019ailleurs environ<strong> un quart des cancers d\u00e9tect\u00e9s chaque ann\u00e9e.<\/strong> Et, bien \u00e9videmment,<strong> l\u2019exposition au soleil <\/strong>est un <strong>facteur de risque <\/strong>non n\u00e9gligeable. Pour s\u2019en prot\u00e9ger, il n\u2019existe qu\u2019une solution\u00a0: <strong>faire attention \u00e0 sa peau<\/strong>. Et \u00e7a passe par le fait de<a href=\"https:\/\/www.lebonbon.fr\/paris\/news\/carte-interactive-recense-lots-fraicheur-paris\/\" rel=\"nofollow noopener\" target=\"_blank\"> <strong>limiter son exposition<\/strong><\/a>, notamment aux <strong>heures les plus chaudes<\/strong> de la journ\u00e9e, mais aussi en <strong>utilisant r\u00e9guli\u00e8rement de la cr\u00e8me solaire,<\/strong> si possible de la <strong>SPF 50<\/strong>. Et non, contrairement aux id\u00e9es re\u00e7ues, ce n\u2019est pas parce qu\u2019on met de la cr\u00e8me <strong>qu\u2019on bronze moins\u00a0!<\/strong><\/p>\n<p>&#13;<\/p>\n<blockquote class=\"twitter-tweet\"><p>&#13;<\/p>\n<p lang=\"fr\" dir=\"ltr\">\ud83d\udd34 FLASH &#8211; <a href=\"https:\/\/twitter.com\/hashtag\/IledeFrance?src=hash&amp;ref_src=twsrc%5Etfw\" rel=\"nofollow noopener\" target=\"_blank\">#IledeFrance<\/a>\u00a0: Des distributeurs de cr\u00e8me solaire\u00a0?<\/p>\n<p>\ud83d\udc49 Une cinquantaine sont disponibles sur les sites parisiens propices \u00e0 la bronzette. \u00c0 Livry-Gargan, en Seine-Saint-Denis, deux distributeurs sont install\u00e9s \u00e0 titre exp\u00e9rimental. (Lp) <a href=\"https:\/\/twitter.com\/hashtag\/Soleil?src=hash&amp;ref_src=twsrc%5Etfw\" rel=\"nofollow noopener\" target=\"_blank\">#Soleil<\/a> <a href=\"https:\/\/t.co\/XlAQm4R75X\" rel=\"nofollow\">pic.twitter.com\/XlAQm4R75X<\/a><\/p>\n<p>&#13;<br \/>\n\u2014 FLASH INFO Ile-de-France (@info_Paris_IDF) <a href=\"https:\/\/twitter.com\/info_Paris_IDF\/status\/1954559865310826869?ref_src=twsrc%5Etfw\" rel=\"nofollow noopener\" target=\"_blank\">August 10, 2025<\/a><\/p><\/blockquote>\n<p>&#13;<br \/>\n&#13;<br \/>\n<br \/>Des lieux estivaux dans la capitale&#13;<\/p>\n<p>Pour essayer de<strong> sensibiliser les esprits<\/strong> et permettre \u00e0 tout le monde de se prot\u00e9ger au mieux, la <strong>municipalit\u00e9<\/strong> a donc d\u00e9cid\u00e9 de <strong>prendre les choses en main<\/strong> cette ann\u00e9e, en installant un peu partout dans la capitale <strong>une cinquantaine de distributeurs sans contact,<\/strong> contenant de la <strong>cr\u00e8me solaire,<\/strong> et <strong>de la 50, <\/strong>qui plus est. Ces bornes ont \u00e9t\u00e9 positionn\u00e9es aux<strong> endroits les plus strat\u00e9giques<\/strong>, comme les <strong>nouvelles zones de baignade,<\/strong> mais plus g\u00e9n\u00e9ralement sur les<strong> <a href=\"https:\/\/www.lebonbon.fr\/paris\/loisirs\/paris-plages-2025-edition-speciale-bresil\/\" rel=\"nofollow noopener\" target=\"_blank\">zones estampill\u00e9es Paris-Plage<\/a><\/strong>, comme au <strong>canal Saint-Martin<\/strong> et au <strong>bassin<\/strong> <strong>de La Villette.<\/strong><\/p>\n<p>&#13;<\/p>\n<blockquote class=\"twitter-tweet\"><p>&#13;<\/p>\n<p lang=\"fr\" dir=\"ltr\">\u00ab\u00a0M\u00eame en ville, il faut se prot\u00e9ger\u00a0\u00bb\u00a0: cr\u00e8me solaire gratuite, ces communes ont install\u00e9 plusieurs bornes dans leurs villes<a href=\"https:\/\/t.co\/W8HKDMK56v\" rel=\"nofollow\">https:\/\/t.co\/W8HKDMK56v<\/a> <a href=\"https:\/\/t.co\/QctS9JLElR\" rel=\"nofollow\">pic.twitter.com\/QctS9JLElR<\/a><\/p>\n<p>&#13;<br \/>\n\u2014 France 3 Paris\/Ile-de-France (@France3Paris) <a href=\"https:\/\/twitter.com\/France3Paris\/status\/1952375793289699372?ref_src=twsrc%5Etfw\" rel=\"nofollow noopener\" target=\"_blank\">August 4, 2025<\/a><\/p><\/blockquote>\n<p>&#13;<br \/>\n&#13;<\/p>\n<p>Le fonctionnement est assez simple, <strong>on tend la main<\/strong>, et une cr\u00e8me jaun\u00e2tre <strong>sans parfum<\/strong> tombe. Il ne reste plus qu\u2019\u00e0 <strong>se tartiner de la t\u00eate aux pieds<\/strong>\u00a0et le tour est jou\u00e9. Une action qui n\u2019est pas sans rappeler <strong>les <a href=\"https:\/\/www.lebonbon.fr\/paris\/news\/paris-deploie-distributeurs-gel-hydroalcoolique\/\" rel=\"nofollow noopener\" target=\"_blank\">distributeurs de gel hydroalcoolique<\/a><\/strong> pendant la <strong>crise du Covid.<\/strong> Mais il faut bien reconna\u00eetre que cette fois-ci, le but, \u00e0 savoir<strong> l\u00e9zarder au soleil, <\/strong>est quand m\u00eame un peu plus cool\u00a0!<\/p>\n<p><script async src=\"https:\/\/platform.twitter.com\/widgets.js\" charset=\"utf-8\"><\/script><\/p>\n","protected":false},"excerpt":{"rendered":"Depuis quelques ann\u00e9es d\u00e9j\u00e0, les bornes de cr\u00e8me solaire gratuites avaient fait leur apparition sur les bords de&hellip;\n","protected":false},"author":2,"featured_media":312023,"comment_status":"","ping_status":"","sticky":false,"template":"","format":"standard","meta":{"footnotes":""},"categories":[1888],"tags":[1111,1928,11,1927,1777,674,1011,27,12,1926,626,1925,25],"class_list":{"0":"post-312022","1":"post","2":"type-post","3":"status-publish","4":"format-standard","5":"has-post-thumbnail","7":"category-paris","8":"tag-actu","9":"tag-actu-paris","10":"tag-actualites","11":"tag-actualites-paris","12":"tag-eu","13":"tag-europe","14":"tag-fr","15":"tag-france","16":"tag-news","17":"tag-news-paris","18":"tag-paris","19":"tag-paris-news","20":"tag-republique-francaise"},"share_on_mastodon":{"url":"https:\/\/pubeurope.com\/@fr\/115011174002446610","error":""},"_links":{"self":[{"href":"https:\/\/www.europesays.com\/fr\/wp-json\/wp\/v2\/posts\/312022","targetHints":{"allow":["GET"]}}],"collection":[{"href":"https:\/\/www.europesays.com\/fr\/wp-json\/wp\/v2\/posts"}],"about":[{"href":"https:\/\/www.europesays.com\/fr\/wp-json\/wp\/v2\/types\/post"}],"author":[{"embeddable":true,"href":"https:\/\/www.europesays.com\/fr\/wp-json\/wp\/v2\/users\/2"}],"replies":[{"embeddable":true,"href":"https:\/\/www.europesays.com\/fr\/wp-json\/wp\/v2\/comments?post=312022"}],"version-history":[{"count":0,"href":"https:\/\/www.europesays.com\/fr\/wp-json\/wp\/v2\/posts\/312022\/revisions"}],"wp:featuredmedia":[{"embeddable":true,"href":"https:\/\/www.europesays.com\/fr\/wp-json\/wp\/v2\/media\/312023"}],"wp:attachment":[{"href":"https:\/\/www.europesays.com\/fr\/wp-json\/wp\/v2\/media?parent=312022"}],"wp:term":[{"taxonomy":"category","embeddable":true,"href":"https:\/\/www.europesays.com\/fr\/wp-json\/wp\/v2\/categories?post=312022"},{"taxonomy":"post_tag","embeddable":true,"href":"https:\/\/www.europesays.com\/fr\/wp-json\/wp\/v2\/tags?post=312022"}],"curies":[{"name":"wp","href":"https:\/\/api.w.org\/{rel}","templated":true}]}}