{"id":312026,"date":"2025-08-11T16:54:12","date_gmt":"2025-08-11T16:54:12","guid":{"rendered":"https:\/\/www.europesays.com\/fr\/312026\/"},"modified":"2025-08-11T16:54:12","modified_gmt":"2025-08-11T16:54:12","slug":"un-an-apres-les-jeux-olympiques-paris-brille-t-il-liberation","status":"publish","type":"post","link":"https:\/\/www.europesays.com\/fr\/312026\/","title":{"rendered":"un an apr\u00e8s les Jeux olympiques, Paris brille-t-il ? \u2013 Lib\u00e9ration"},"content":{"rendered":"<p class=\"sc-ksZaOG ehjQrN text-element\">Pont de Sully, dans le IVe arrondissement, touristes et joggeurs se croisent sans trop se calculer. De l\u2019ambiance des Jeux olympiques, on retrouve surtout quelques logos \u00abParis 2024\u00bb, laiss\u00e9s ici ou l\u00e0. Les touristes crois\u00e9s aux alentours de la Seine, reine du spectacle inaugural orchestr\u00e9 <a href=\"https:\/\/www.liberation.fr\/plus\/speciaux-cahier-ete\/thomas-jolly-pour-le-vibre-ensemble-20250803_QS4SWTOU4NATLO5JJY3HMIBOSE\/\" target=\"_blank\" rel=\"noreferrer nofollow noopener\" title=\"https:\/\/www.liberation.fr\/plus\/speciaux-cahier-ete\/thomas-jolly-pour-le-vibre-ensemble-20250803_QS4SWTOU4NATLO5JJY3HMIBOSE\/\">par Thomas Jolly<\/a>, ne se reconnaissent pas dans le tableau dress\u00e9 au fil des communications officielles. Celui d\u2019un tourisme propuls\u00e9 par l\u2019effet JO. \u00abNon, les Jeux n\u2019ont pas influenc\u00e9 notre d\u00e9cision de venir\u00bb, explique une famille de Canadiens, venus passer dix jours dans la capitale. Autre tentative, m\u00eame indiff\u00e9rence. Fred et Estelle, un couple qui a fait le trajet depuis Metz pour amener leur fille prendre un train gare Montparnasse profite surtout de l\u2019escale pour aller voir Notre-Dame.<\/p>\n<p class=\"sc-ksZaOG ehjQrN text-element\">Le long de la Seine, les guides rafra\u00eechissent quand m\u00eame la m\u00e9moire des visiteurs. \u00abC\u2019est sur la fa\u00e7ade de la Conciergerie que Marie-Antoinette a \u00e9t\u00e9 repr\u00e9sent\u00e9e avec la t\u00eate tranch\u00e9e devant une cinquantaine de monarques pendant la c\u00e9r\u00e9monie d\u2019ouverture de Paris 2024\u00bb, rappelle d\u2019un ton croustillant l\u2019un d\u2019entre eux \u00e0 un groupe de touristes espagnols. A l\u2019accueil, Manel, agent de surve<\/p>\n","protected":false},"excerpt":{"rendered":"Pont de Sully, dans le IVe arrondissement, touristes et joggeurs se croisent sans trop se calculer. De l\u2019ambiance&hellip;\n","protected":false},"author":2,"featured_media":312027,"comment_status":"","ping_status":"","sticky":false,"template":"","format":"standard","meta":{"footnotes":""},"categories":[1888],"tags":[11,1777,674,1011,27,7941,12,626,25,13527,1945,602],"class_list":{"0":"post-312026","1":"post","2":"type-post","3":"status-publish","4":"format-standard","5":"has-post-thumbnail","7":"category-paris","8":"tag-actualites","9":"tag-eu","10":"tag-europe","11":"tag-fr","12":"tag-france","13":"tag-jo-paris-2024","14":"tag-news","15":"tag-paris","16":"tag-republique-francaise","17":"tag-seine","18":"tag-seine-saint-denis","19":"tag-tourisme"},"share_on_mastodon":{"url":"https:\/\/pubeurope.com\/@fr\/115011181960570051","error":""},"_links":{"self":[{"href":"https:\/\/www.europesays.com\/fr\/wp-json\/wp\/v2\/posts\/312026","targetHints":{"allow":["GET"]}}],"collection":[{"href":"https:\/\/www.europesays.com\/fr\/wp-json\/wp\/v2\/posts"}],"about":[{"href":"https:\/\/www.europesays.com\/fr\/wp-json\/wp\/v2\/types\/post"}],"author":[{"embeddable":true,"href":"https:\/\/www.europesays.com\/fr\/wp-json\/wp\/v2\/users\/2"}],"replies":[{"embeddable":true,"href":"https:\/\/www.europesays.com\/fr\/wp-json\/wp\/v2\/comments?post=312026"}],"version-history":[{"count":0,"href":"https:\/\/www.europesays.com\/fr\/wp-json\/wp\/v2\/posts\/312026\/revisions"}],"wp:featuredmedia":[{"embeddable":true,"href":"https:\/\/www.europesays.com\/fr\/wp-json\/wp\/v2\/media\/312027"}],"wp:attachment":[{"href":"https:\/\/www.europesays.com\/fr\/wp-json\/wp\/v2\/media?parent=312026"}],"wp:term":[{"taxonomy":"category","embeddable":true,"href":"https:\/\/www.europesays.com\/fr\/wp-json\/wp\/v2\/categories?post=312026"},{"taxonomy":"post_tag","embeddable":true,"href":"https:\/\/www.europesays.com\/fr\/wp-json\/wp\/v2\/tags?post=312026"}],"curies":[{"name":"wp","href":"https:\/\/api.w.org\/{rel}","templated":true}]}}