{"id":312030,"date":"2025-08-11T16:56:15","date_gmt":"2025-08-11T16:56:15","guid":{"rendered":"https:\/\/www.europesays.com\/fr\/312030\/"},"modified":"2025-08-11T16:56:15","modified_gmt":"2025-08-11T16:56:15","slug":"soupcons-de-destabilisation-russe-apres-lincendie-dune-eglise-en-ukraine-transcarpatique","status":"publish","type":"post","link":"https:\/\/www.europesays.com\/fr\/312030\/","title":{"rendered":"Soup\u00e7ons de d\u00e9stabilisation russe apr\u00e8s l\u2019incendie d\u2019une \u00e9glise en Ukraine transcarpatique"},"content":{"rendered":"<p><strong>D\u00c9CRYPTAGE <\/strong>&#8211; Le premier ministre Viktor Orban a d\u00e9nonc\u00e9 des actes antihongrois apr\u00e8s d\u2019\u00e9tranges incidents dans cette r\u00e9gion magyarophone.<\/p>\n<p class=\"fig-paragraph\">Les autorit\u00e9s ukrainiennes avaient probablement eu vent d\u2019une op\u00e9ration \u00e0 venir, puisque les services secrets, le SBU, et la police locale contr\u00f4laient les routes d\u2019acc\u00e8s \u00e0 Palad\u2019-Komarivtsi et surveillaient ses \u00e9glises, catholique romaine et r\u00e9form\u00e9e. C\u2019est finalement l\u2019\u00e9glise gr\u00e9co-catholique de ce village d\u2019\u00e0 peine 800\u00a0habitants de l\u2019ouest de\u00a0<a href=\"http:\/\/www.lefigaro.fr\/flash-actu\/guerre-en-ukraine-donald-trump-dit-s-attendre-a-une-rencontre-constructive-avec-vladimir-poutine-lors-du-sommet-en-alaska-20250811\" data-fig-type=\"NewsFlash\" data-gtm-custom-categorie=\"navigation\" data-gtm-custom-action=\"crossclick\" data-gtm-custom-label=\"Contextuel\" data-gtm-event=\"customEventSPE\" data-fig-domain=\"LEFIGARO\" target=\"_blank\" rel=\"noopener\">l\u2019Ukraine<\/a>, situ\u00e9 pr\u00e8s des fronti\u00e8res slovaque et hongroise, qui a \u00e9t\u00e9 prise pour cible fin juillet. Mais avec l\u2019intervention rapide des secours, seule la porte de la sacristie a \u00e9t\u00e9 endommag\u00e9e par l\u2019incendie volontaire et le graffiti \u00ab\u00a0Mort aux Hongrois\u00a0\u00bb a \u00e9t\u00e9 rapidement effac\u00e9.<\/p>\n<p class=\"fig-paragraph\">Le premier ministre hongrois,\u00a0<a href=\"http:\/\/www.lefigaro.fr\/international\/a-budapest-viktor-orban-defie-par-une-marche-des-fiertes-a-l-affluence-record-20250629\" data-fig-type=\"NewsFlash\" data-gtm-custom-categorie=\"navigation\" data-gtm-custom-action=\"crossclick\" data-gtm-custom-label=\"Contextuel\" data-gtm-event=\"customEventSPE\" data-fig-domain=\"LEFIGARO\" target=\"_blank\" rel=\"noopener\">Viktor Orban<\/a>, s\u2019est empress\u00e9 de d\u00e9noncer, quelques heures plus tard, un acte antihongrois qu\u2019il a attribu\u00e9 aux nationalistes ukrainiens. Mais divers \u00e9l\u00e9ments incitent, a minima, \u00e0 la prudence\u00a0: l\u2019\u00e9criture cyrillique du graffiti des plus approximatives, et la c\u00e9l\u00e9rit\u00e9 des autorit\u00e9s hongroises \u00e0 publier une photo dont on ne conna\u00eet pas\u2026<\/p>\n<p class=\"fig-premium-paywall__infos\">\n        Cet article est r\u00e9serv\u00e9 aux abonn\u00e9s.        Il vous reste 79% \u00e0 d\u00e9couvrir.\n    <\/p>\n<p>                <img  data- alt=\"Le Figaro\" class=\"fig-img--complete fig-img\"\/><\/p>\n<p class=\"fig-premium-paywall__title\">Vous avez envie de lire la suite ?<\/p>\n<p class=\"fig-premium-paywall__subtitle\">D\u00e9bloquez tous les articles imm\u00e9diatement.<\/p>\n<p class=\"fig-premium-paywall__connect\">\n                D\u00e9j\u00e0 abonn\u00e9\u00a0?                <a class=\"fig-premium-paywall__connect-link\" href=\"https:\/\/connect.lefigaro.fr\/login?client=horizon_web&amp;type=main&amp;redirect_uri=https%3A%2F%2Fwww.lefigaro.fr%2Finternational%2Fsoupcons-de-destabilisation-russe-apres-l-incendie-d-une-eglise-en-ukraine-transcarpatique-20250811\" data-js-gtm=\"{&quot;customCategorie&quot;: &quot;conversion&quot;, &quot;customAction&quot;: &quot;before_Landing_Connexion_paywall_auto&quot;, &quot;customLabel&quot;: &quot;bGVmaWdhcm8uZnJfXzFmMDc2YzNjLTRiNjMtNjk5Mi04ZjVmLTJmYTcyNDNmYjkyM19fQXJ0aWNsZQ==_Soup\u00e7ons de d\u00e9stabilisation russe apr\u00e8s l\u2019incendie d\u2019une \u00e9glise en Ukraine transcarpatique_367&quot;, &quot;customIDSPE&quot;: &quot;bGVmaWdhcm8uZnJfXzFmMDc2YzNjLTRiNjMtNjk5Mi04ZjVmLTJmYTcyNDNmYjkyM19fQXJ0aWNsZQ==&quot;, &quot;event&quot;: &quot;customEventSPE&quot;}\" target=\"_blank\" rel=\"noopener\"><br \/>\n                    Connectez-vous<br \/>\n                <\/a>\n            <\/p>\n","protected":false},"excerpt":{"rendered":"D\u00c9CRYPTAGE &#8211; Le premier ministre Viktor Orban a d\u00e9nonc\u00e9 des actes antihongrois apr\u00e8s d\u2019\u00e9tranges incidents dans cette r\u00e9gion&hellip;\n","protected":false},"author":2,"featured_media":312031,"comment_status":"","ping_status":"","sticky":false,"template":"","format":"standard","meta":{"footnotes":""},"categories":[1590],"tags":[11,1777,674,804,12,220,7247],"class_list":{"0":"post-312030","1":"post","2":"type-post","3":"status-publish","4":"format-standard","5":"has-post-thumbnail","7":"category-ukraine","8":"tag-actualites","9":"tag-eu","10":"tag-europe","11":"tag-hongrie","12":"tag-news","13":"tag-ukraine","14":"tag-viktor-orban"},"share_on_mastodon":{"url":"https:\/\/pubeurope.com\/@fr\/115011189804498186","error":""},"_links":{"self":[{"href":"https:\/\/www.europesays.com\/fr\/wp-json\/wp\/v2\/posts\/312030","targetHints":{"allow":["GET"]}}],"collection":[{"href":"https:\/\/www.europesays.com\/fr\/wp-json\/wp\/v2\/posts"}],"about":[{"href":"https:\/\/www.europesays.com\/fr\/wp-json\/wp\/v2\/types\/post"}],"author":[{"embeddable":true,"href":"https:\/\/www.europesays.com\/fr\/wp-json\/wp\/v2\/users\/2"}],"replies":[{"embeddable":true,"href":"https:\/\/www.europesays.com\/fr\/wp-json\/wp\/v2\/comments?post=312030"}],"version-history":[{"count":0,"href":"https:\/\/www.europesays.com\/fr\/wp-json\/wp\/v2\/posts\/312030\/revisions"}],"wp:featuredmedia":[{"embeddable":true,"href":"https:\/\/www.europesays.com\/fr\/wp-json\/wp\/v2\/media\/312031"}],"wp:attachment":[{"href":"https:\/\/www.europesays.com\/fr\/wp-json\/wp\/v2\/media?parent=312030"}],"wp:term":[{"taxonomy":"category","embeddable":true,"href":"https:\/\/www.europesays.com\/fr\/wp-json\/wp\/v2\/categories?post=312030"},{"taxonomy":"post_tag","embeddable":true,"href":"https:\/\/www.europesays.com\/fr\/wp-json\/wp\/v2\/tags?post=312030"}],"curies":[{"name":"wp","href":"https:\/\/api.w.org\/{rel}","templated":true}]}}