{"id":312034,"date":"2025-08-11T16:58:26","date_gmt":"2025-08-11T16:58:26","guid":{"rendered":"https:\/\/www.europesays.com\/fr\/312034\/"},"modified":"2025-08-11T16:58:26","modified_gmt":"2025-08-11T16:58:26","slug":"je-moppose-au-genocide-je-soutiens-palestine-action-au-royaume-uni-522-personnes-arretees-pour-apres-avoir-manifeste-contre-le-genocide-a-gaza","status":"publish","type":"post","link":"https:\/\/www.europesays.com\/fr\/312034\/","title":{"rendered":"\u00ab\u00a0Je m\u2019oppose au g\u00e9nocide, je soutiens Palestine Action\u00a0\u00bb\u00a0: Au Royaume-Uni, 522 personnes arr\u00eat\u00e9es pour apr\u00e8s avoir manifest\u00e9 contre le g\u00e9nocide \u00e0 Gaza"},"content":{"rendered":"<p>La r\u00e9pression contre les personnes qui s\u2019opposent au <a href=\"https:\/\/www.humanite.fr\/social-et-economie\/armement\/safran-thales-stmicroelectronics-les-syndicats-denoncent-la-complicite-de-lindustrie-francaise-darmement-dans-le-genocide-a-gaza\" data-type=\"link\" data-id=\"https:\/\/www.humanite.fr\/social-et-economie\/armement\/safran-thales-stmicroelectronics-les-syndicats-denoncent-la-complicite-de-lindustrie-francaise-darmement-dans-le-genocide-a-gaza\" target=\"_blank\" rel=\"noopener\">g\u00e9nocide \u00e0 Gaza<\/a> se poursuit. Des manifestants s\u2019\u00e9levaient, samedi 9\u00a0ao\u00fbt, contre la <a href=\"https:\/\/www.humanite.fr\/monde\/palestine\/du-delit-dapologie-du-terrorisme-a-la-criminalisation-de-la-solidarite-avec-la-palestine\" target=\"_blank\" rel=\"noopener\">d\u00e9cision britannique d\u2019interdire l\u2019organisation pro palestinienne<\/a> Palestine Action dans le centre de Londres. 521 personnes ont alors \u00e9t\u00e9 arr\u00eat\u00e9es. Ce chiffre est l\u2019un des plus \u00e9lev\u00e9 jamais enregistr\u00e9 lors d\u2019une manifestation dans la capitale britannique.<\/p>\n<p>\u00c0 l\u2019appel du groupe Defend Our Juries, des personnes ont brandi la pancarte \u00ab\u00a0Je m\u2019oppose au g\u00e9nocide, je soutiens Palestine Action\u00a0\u00bb. Elles ont toutes \u00e9t\u00e9 arr\u00eat\u00e9es. Une autre arrestation a \u00e9t\u00e9 men\u00e9e lors d\u2019une manifestation de soutien \u00e0 Gaza qui s\u2019est d\u00e9roul\u00e9e le m\u00eame jour dans un autre endroit de la capitale.<\/p>\n<p>Plus d\u2019un mois plus t\u00f4t, au Royaume-Uni, Palestine Action a \u00e9t\u00e9 ajout\u00e9e \u00e0 la liste des organisations consid\u00e9r\u00e9es comme \u00ab\u00a0organisation terroriste\u00a0\u00bb. Le groupe privil\u00e9gie l\u2019action directe, via notamment l\u2019occupation de <a href=\"https:\/\/www.humanite.fr\/monde\/armee-israelienne\/a-gaza-un-crime-de-genocide-qui-ne-dit-pas-son-nom\" data-type=\"link\" data-id=\"https:\/\/www.humanite.fr\/monde\/armee-israelienne\/a-gaza-un-crime-de-genocide-qui-ne-dit-pas-son-nom\" target=\"_blank\" rel=\"noopener\">fabricants d\u2019armes<\/a> li\u00e9s \u00e0 Isra\u00ebl mais aussi des b\u00e2timents gouvernementaux, des installations militaires, des banques ou encore des universit\u00e9s. Le 20 juin 2025, des militants s\u2019introduisent par effraction dans une base a\u00e9rienne, aspergeant deux avions de peinture rouge, provoquant la col\u00e8re du premier ministre Keir Starmer.<\/p>\n<p>Les personnes arr\u00eat\u00e9es encourent jusqu\u2019\u00e0 six mois de prison<\/p>\n<p>Pour se justifier de cette arrestation de masse, la police londonienne explique s\u2019appuyer sur la loi. \u00ab\u00a0La grande majorit\u00e9 des arrestations ont eu lieu pour avoir affich\u00e9 un objet (dans ce cas une pancarte) en soutien \u00e0 une organisation proscrite (dans ce cas Palestine Action), en violation de l\u2019article\u00a013 de la loi antiterroriste de 2000\u00a0\u00bb, est-il indiqu\u00e9 dans un communiqu\u00e9.<\/p>\n<p>En outre, la police indique avoir proc\u00e9d\u00e9 \u00e0 dix arrestations suppl\u00e9mentaires pour des agressions contre des policiers ou pour obstruction. Elle pr\u00e9cise que l\u2019\u00e2ge moyen des personnes arr\u00eat\u00e9es est de 54\u00a0ans et qu\u2019il y avait autant de femmes que d\u2019hommes.<\/p>\n<p>\u00ab\u00a0Au cours des prochains jours et semaines, les agents du Commandement antiterroriste de la police m\u00e9tropolitaine travailleront \u00e0 constituer les dossiers n\u00e9cessaires pour engager des poursuites contre les personnes arr\u00eat\u00e9es\u00a0\u00bb, pr\u00e9cise le communiqu\u00e9. Elles encourent jusqu\u2019\u00e0 six mois de prison.<\/p>\n<p>Plus de 200 des partisans de Palestine Action avaient d\u00e9j\u00e0 \u00e9t\u00e9 interpell\u00e9s avant la manifestation de samedi, selon Tim Crosland, un repr\u00e9sentant de Defend Our Juries. Trois personnes ont \u00e9t\u00e9 inculp\u00e9es en vertu de la loi antiterroriste, jeudi 7\u00a0ao\u00fbt, pour avoir exprim\u00e9 leur soutien \u00e0 Palestine Action. Le Haut-Commissaire des Nations unies aux Droits de l\u2019homme, Volker T\u00fcrk, a qualifi\u00e9 de \u00ab\u00a0d\u00e9rangeante\u00a0\u00bb une telle utilisation d\u2019une loi contre le terrorisme, exhortant Londres \u00e0 revenir sur sa d\u00e9cision qui \u00ab\u00a0appara\u00eet disproportionn\u00e9e et pas indispensable\u00a0\u00bb.<\/p>\n<p><strong>Oui, on s\u2019en doute\u00a0: vous en avez assez<\/strong><\/p>\n<p>Voir ces messages d\u2019appel au don, \u00e7a peut \u00eatre p\u00e9nible. Nous le savons. Et on doit bien vous avouer que nous pr\u00e9f\u00e9rerions ne pas avoir \u00e0 les \u00e9crire\u2026<\/p>\n<p>Mais voil\u00e0\u00a0: c\u2019est crucial pour l\u2019Humanit\u00e9. Si ce titre existe toujours aujourd\u2019hui, c\u2019est gr\u00e2ce au financement r\u00e9gulier de nos lectrices et lecteurs.<\/p>\n<ul class=\"wp-block-list\">\n<li>C\u2019est gr\u00e2ce \u00e0 votre soutien que nous pouvons exercer notre m\u00e9tier avec passion. Nous ne d\u00e9pendons ni des int\u00e9r\u00eats d\u2019un propri\u00e9taire milliardaire, ni de pressions politiques : <strong>personne ne nous dicte ce que nous devons dire ou taire<\/strong>.<\/li>\n<\/ul>\n<ul class=\"wp-block-list\">\n<li>Votre engagement nous lib\u00e8re aussi de la course aux clics et \u00e0 l\u2019audience. <strong>Plut\u00f4t que de chercher \u00e0 capter l\u2019attention \u00e0 tout prix, nous choisissons de traiter les sujets que notre r\u00e9daction juge essentiels<\/strong>\u00a0: parce qu\u2019ils m\u00e9ritent d\u2019\u00eatre lus, compris, partag\u00e9s. Parce que nous estimons qu\u2019ils vous seront utiles<\/li>\n<\/ul>\n<p>\u00c0 l\u2019heure actuelle, <strong>moins d\u2019un quart des lectrices et lecteurs<\/strong> qui viennent plus de 3\u00a0fois sur le site par semaine nous aident \u00e0 financer notre travail, par leur abonnement ou par leurs dons. Si vous voulez prot\u00e9ger le journalisme ind\u00e9pendant, <strong>s\u2019il vous pla\u00eet, rejoignez-les<\/strong>.<\/p>\n","protected":false},"excerpt":{"rendered":"La r\u00e9pression contre les personnes qui s\u2019opposent au g\u00e9nocide \u00e0 Gaza se poursuit. Des manifestants s\u2019\u00e9levaient, samedi 9\u00a0ao\u00fbt,&hellip;\n","protected":false},"author":2,"featured_media":312035,"comment_status":"","ping_status":"","sticky":false,"template":"","format":"standard","meta":{"footnotes":""},"categories":[1588],"tags":[11,1777,674,12,3518,473,1853,1851,1850,1852],"class_list":{"0":"post-312034","1":"post","2":"type-post","3":"status-publish","4":"format-standard","5":"has-post-thumbnail","7":"category-royaume-uni","8":"tag-actualites","9":"tag-eu","10":"tag-europe","11":"tag-news","12":"tag-palestine","13":"tag-royaume-uni","14":"tag-royaume-uni-de-grande-bretagne-et-dirlande-du-nord","15":"tag-uk","16":"tag-united-kingdom","17":"tag-united-kingdom-of-great-britain-and-northern-ireland"},"share_on_mastodon":{"url":"https:\/\/pubeurope.com\/@fr\/115011197559446805","error":""},"_links":{"self":[{"href":"https:\/\/www.europesays.com\/fr\/wp-json\/wp\/v2\/posts\/312034","targetHints":{"allow":["GET"]}}],"collection":[{"href":"https:\/\/www.europesays.com\/fr\/wp-json\/wp\/v2\/posts"}],"about":[{"href":"https:\/\/www.europesays.com\/fr\/wp-json\/wp\/v2\/types\/post"}],"author":[{"embeddable":true,"href":"https:\/\/www.europesays.com\/fr\/wp-json\/wp\/v2\/users\/2"}],"replies":[{"embeddable":true,"href":"https:\/\/www.europesays.com\/fr\/wp-json\/wp\/v2\/comments?post=312034"}],"version-history":[{"count":0,"href":"https:\/\/www.europesays.com\/fr\/wp-json\/wp\/v2\/posts\/312034\/revisions"}],"wp:featuredmedia":[{"embeddable":true,"href":"https:\/\/www.europesays.com\/fr\/wp-json\/wp\/v2\/media\/312035"}],"wp:attachment":[{"href":"https:\/\/www.europesays.com\/fr\/wp-json\/wp\/v2\/media?parent=312034"}],"wp:term":[{"taxonomy":"category","embeddable":true,"href":"https:\/\/www.europesays.com\/fr\/wp-json\/wp\/v2\/categories?post=312034"},{"taxonomy":"post_tag","embeddable":true,"href":"https:\/\/www.europesays.com\/fr\/wp-json\/wp\/v2\/tags?post=312034"}],"curies":[{"name":"wp","href":"https:\/\/api.w.org\/{rel}","templated":true}]}}