{"id":312036,"date":"2025-08-11T16:59:12","date_gmt":"2025-08-11T16:59:12","guid":{"rendered":"https:\/\/www.europesays.com\/fr\/312036\/"},"modified":"2025-08-11T16:59:12","modified_gmt":"2025-08-11T16:59:12","slug":"fontaine-francaise-quatorze-jeunes-fontenois-sont-partis-en-allemagne","status":"publish","type":"post","link":"https:\/\/www.europesays.com\/fr\/312036\/","title":{"rendered":"Fontaine-Fran\u00e7aise. Quatorze jeunes fontenois sont partis en Allemagne"},"content":{"rendered":"<p>Samedi 9\u00a0ao\u00fbt, 14 jeunes fontenois et leurs quatre accompagnateurs sont partis de Fontaine-Fran\u00e7aise en direction de Dorn-D\u00fcrkheim (Rh\u00e9nanie-Palatinat, Allemagne), o\u00f9 ils vont passer une semaine chez leurs correspondants d\u2019outre-Rhin dans le cadre du jumelage franco-allemand. Au programme\u00a0: des activit\u00e9s sportives, ludiques et culturelles vont bien les occuper tout en leur permettant de pratiquer la langue de Goethe.<\/p>\n","protected":false},"excerpt":{"rendered":"Samedi 9\u00a0ao\u00fbt, 14 jeunes fontenois et leurs quatre accompagnateurs sont partis de Fontaine-Fran\u00e7aise en direction de Dorn-D\u00fcrkheim (Rh\u00e9nanie-Palatinat,&hellip;\n","protected":false},"author":2,"featured_media":312037,"comment_status":"","ping_status":"","sticky":false,"template":"","format":"standard","meta":{"footnotes":""},"categories":[1587],"tags":[11,672,1804,1687,1805,1803,2664,1777,674,107,45183,45184,1801,12,1802],"class_list":{"0":"post-312036","1":"post","2":"type-post","3":"status-publish","4":"format-standard","5":"has-post-thumbnail","7":"category-allemagne","8":"tag-actualites","9":"tag-allemagne","10":"tag-bundesrepublik-deutschland","11":"tag-culture-loisirs","12":"tag-de","13":"tag-deutschland","14":"tag-edition-region-dijonnaise","15":"tag-eu","16":"tag-europe","17":"tag-fil-info","18":"tag-fontaine-francaise","19":"tag-fontaine-francaise-bassin","20":"tag-germany","21":"tag-news","22":"tag-republique-federale-dallemagne"},"share_on_mastodon":{"url":"https:\/\/pubeurope.com\/@fr\/115011201571306285","error":""},"_links":{"self":[{"href":"https:\/\/www.europesays.com\/fr\/wp-json\/wp\/v2\/posts\/312036","targetHints":{"allow":["GET"]}}],"collection":[{"href":"https:\/\/www.europesays.com\/fr\/wp-json\/wp\/v2\/posts"}],"about":[{"href":"https:\/\/www.europesays.com\/fr\/wp-json\/wp\/v2\/types\/post"}],"author":[{"embeddable":true,"href":"https:\/\/www.europesays.com\/fr\/wp-json\/wp\/v2\/users\/2"}],"replies":[{"embeddable":true,"href":"https:\/\/www.europesays.com\/fr\/wp-json\/wp\/v2\/comments?post=312036"}],"version-history":[{"count":0,"href":"https:\/\/www.europesays.com\/fr\/wp-json\/wp\/v2\/posts\/312036\/revisions"}],"wp:featuredmedia":[{"embeddable":true,"href":"https:\/\/www.europesays.com\/fr\/wp-json\/wp\/v2\/media\/312037"}],"wp:attachment":[{"href":"https:\/\/www.europesays.com\/fr\/wp-json\/wp\/v2\/media?parent=312036"}],"wp:term":[{"taxonomy":"category","embeddable":true,"href":"https:\/\/www.europesays.com\/fr\/wp-json\/wp\/v2\/categories?post=312036"},{"taxonomy":"post_tag","embeddable":true,"href":"https:\/\/www.europesays.com\/fr\/wp-json\/wp\/v2\/tags?post=312036"}],"curies":[{"name":"wp","href":"https:\/\/api.w.org\/{rel}","templated":true}]}}