{"id":312040,"date":"2025-08-11T17:01:11","date_gmt":"2025-08-11T17:01:11","guid":{"rendered":"https:\/\/www.europesays.com\/fr\/312040\/"},"modified":"2025-08-11T17:01:11","modified_gmt":"2025-08-11T17:01:11","slug":"cote-dazur-un-nouvel-appel-a-projets-pour-ses-quartiers-prioritaires","status":"publish","type":"post","link":"https:\/\/www.europesays.com\/fr\/312040\/","title":{"rendered":"C\u00f4te d&rsquo;Azur : un nouvel appel \u00e0 projets pour ses quartiers prioritaires"},"content":{"rendered":"<p><strong>Dot\u00e9 de 2,9 millions d\u2019euros, ce dispositif financ\u00e9 par l\u2019Union europ\u00e9enne soutiendra en 2025 des projets sociaux, \u00e9conomiques ou environnementaux dans les quartiers relevant de la politique de la ville. Les candidatures sont ouvertes en ligne.<\/strong><\/p>\n<p>La M\u00e9tropole Nice C\u00f4te d\u2019Azur lance un nouvel appel \u00e0 projets destin\u00e9 \u00e0 <strong>r\u00e9duire les in\u00e9galit\u00e9s dans les quartiers class\u00e9s<\/strong> en politique de la ville. Ce dispositif est financ\u00e9 par <a href=\"https:\/\/www.europe-en-france.gouv.fr\/fr\/fonds-europeens-2014-2020\/fonds-europeen-developpement-regional-feder\" target=\"_blank\" data-type=\"link\" data-id=\"https:\/\/www.europe-en-france.gouv.fr\/fr\/fonds-europeens-2014-2020\/fonds-europeen-developpement-regional-feder\" rel=\"noreferrer noopener nofollow\">le Fonds europ\u00e9en de d\u00e9veloppement r\u00e9gional<\/a> (FEDER) et co-g\u00e9r\u00e9 avec l\u2019Union europ\u00e9enne. L\u2019objectif est de soutenir des initiatives qui am\u00e9liorent la vie quotidienne et renforcent le d\u00e9veloppement local.<\/p>\n<p><a href=\"https:\/\/www.nicepremium.fr\/actualite\/point-sur-le-bilan-politique-de-nice-de-lannee-2023\/\" target=\"_blank\" data-type=\"link\" data-id=\"https:\/\/www.nicepremium.fr\/actualite\/point-sur-le-bilan-politique-de-nice-de-lannee-2023\/\" rel=\"noreferrer noopener nofollow\">En 2023<\/a>, cinq projets avaient \u00e9t\u00e9 retenus pour un montant global de plus de trois millions d\u2019euros. Les financements europ\u00e9ens avaient \u00e9galement permis, les ann\u00e9es pr\u00e9c\u00e9dentes, de <strong>r\u00e9aliser des \u00e9quipements publics<\/strong> comme les recycleries des Moulins et de l\u2019Ariane ou la cr\u00e9ation de stations de tramway dans le quartier des Moulins.<\/p>\n<p><strong>Christian Estrosi<\/strong>, maire de Nice et pr\u00e9sident de la M\u00e9tropole, souligne l\u2019importance de ce partenariat : \u00ab je me r\u00e9jouis que l\u2019Union Europ\u00e9enne fasse, une nouvelle fois, confiance \u00e0 la m\u00e9tropole pour co-g\u00e9rer ce fonds structurel europ\u00e9en. Ce soutien d\u00e9cisif va nous permettre d\u2019aller plus loin dans la mise en \u0153uvre de nouveaux projets \u00e0 vocation sociale et environnementale pour le renouvellement urbain de ces quartiers prioritaires en plein \u00e9volution gr\u00e2ce aux transformations impuls\u00e9es par la Ville de Nice et la M\u00e9tropole Nice C\u00f4te d\u2019Azur. \u00bb<\/p>\n<p><strong>Un soutien aux \u00e9quipements et \u00e0 l\u2019\u00e9conomie locale<\/strong><\/p>\n<p>Pour l\u2019\u00e9dition 2025, la dotation s\u2019\u00e9l\u00e8ve \u00e0<strong> 2,9 millions d\u2019euros<\/strong>. Les projets propos\u00e9s doivent <strong>r\u00e9pondre \u00e0 des besoins concrets des habitants<\/strong>. Cela peut concerner la cr\u00e9ation ou la r\u00e9novation d\u2019\u00e9quipements comme des cr\u00e8ches, des centres sociaux ou des installations sportives. Les actions en faveur de l\u2019\u00e9conomie locale sont \u00e9galement \u00e9ligibles, par exemple l\u2019am\u00e9nagement d\u2019espaces de coworking, la r\u00e9habilitation de commerces, ou la mise en place de projets d\u2019\u00e9conomie sociale et solidaire.<\/p>\n<p>L\u2019aide financi\u00e8re accord\u00e9e pourra couvrir entre 40 et 60 % du co\u00fbt total de chaque projet. Pour un porteur priv\u00e9, <strong>la subvention minimale est de 60 000 euros<\/strong>. Pour un porteur public, elle est fix\u00e9e \u00e0 180 000 euros. Le montant maximal d\u2019aide atteint 1,5 million d\u2019euros.<\/p>\n<p>Les candidatures seront \u00e9valu\u00e9es selon plusieurs crit\u00e8res : qualit\u00e9 du projet, impact sur le quartier, viabilit\u00e9, contribution aux objectifs europ\u00e9ens et respect de l\u2019environnement.<\/p>\n<p>Les porteurs int\u00e9ress\u00e9s peuvent retrouver toutes les informations pratiques sur le site de la M\u00e9tropole Nice C\u00f4te d\u2019Azur. Les dossiers doivent \u00eatre d\u00e9pos\u00e9s sur <a href=\"http:\/\/synergie-europe.fr\" data-type=\"link\" data-id=\"synergie-europe.fr\" target=\"_blank\" rel=\"noreferrer noopener nofollow\">la plateforme en ligne<\/a>.<\/p>\n","protected":false},"excerpt":{"rendered":"Dot\u00e9 de 2,9 millions d\u2019euros, ce dispositif financ\u00e9 par l\u2019Union europ\u00e9enne soutiendra en 2025 des projets sociaux, \u00e9conomiques&hellip;\n","protected":false},"author":2,"featured_media":289705,"comment_status":"","ping_status":"","sticky":false,"template":"","format":"standard","meta":{"footnotes":""},"categories":[1586],"tags":[11,1777,674,1779,1011,27,12,25,1778,364],"class_list":{"0":"post-312040","1":"post","2":"type-post","3":"status-publish","4":"format-standard","5":"has-post-thumbnail","7":"category-europe","8":"tag-actualites","9":"tag-eu","10":"tag-europe","11":"tag-european-union","12":"tag-fr","13":"tag-france","14":"tag-news","15":"tag-republique-francaise","16":"tag-ue","17":"tag-union-europeenne"},"share_on_mastodon":{"url":"https:\/\/pubeurope.com\/@fr\/115011209445507492","error":""},"_links":{"self":[{"href":"https:\/\/www.europesays.com\/fr\/wp-json\/wp\/v2\/posts\/312040","targetHints":{"allow":["GET"]}}],"collection":[{"href":"https:\/\/www.europesays.com\/fr\/wp-json\/wp\/v2\/posts"}],"about":[{"href":"https:\/\/www.europesays.com\/fr\/wp-json\/wp\/v2\/types\/post"}],"author":[{"embeddable":true,"href":"https:\/\/www.europesays.com\/fr\/wp-json\/wp\/v2\/users\/2"}],"replies":[{"embeddable":true,"href":"https:\/\/www.europesays.com\/fr\/wp-json\/wp\/v2\/comments?post=312040"}],"version-history":[{"count":0,"href":"https:\/\/www.europesays.com\/fr\/wp-json\/wp\/v2\/posts\/312040\/revisions"}],"wp:featuredmedia":[{"embeddable":true,"href":"https:\/\/www.europesays.com\/fr\/wp-json\/wp\/v2\/media\/289705"}],"wp:attachment":[{"href":"https:\/\/www.europesays.com\/fr\/wp-json\/wp\/v2\/media?parent=312040"}],"wp:term":[{"taxonomy":"category","embeddable":true,"href":"https:\/\/www.europesays.com\/fr\/wp-json\/wp\/v2\/categories?post=312040"},{"taxonomy":"post_tag","embeddable":true,"href":"https:\/\/www.europesays.com\/fr\/wp-json\/wp\/v2\/tags?post=312040"}],"curies":[{"name":"wp","href":"https:\/\/api.w.org\/{rel}","templated":true}]}}