{"id":312045,"date":"2025-08-11T17:04:14","date_gmt":"2025-08-11T17:04:14","guid":{"rendered":"https:\/\/www.europesays.com\/fr\/312045\/"},"modified":"2025-08-11T17:04:14","modified_gmt":"2025-08-11T17:04:14","slug":"des-poissons-panes-carrefour-rappeles-dans-toute-la-france","status":"publish","type":"post","link":"https:\/\/www.europesays.com\/fr\/312045\/","title":{"rendered":"des poissons pan\u00e9s Carrefour rappel\u00e9s dans toute la France"},"content":{"rendered":"<p>Plusieurs barquettes de la gamme \u00abCarrefour Le March\u00e9\u00bb pr\u00e9sentent un risque de list\u00e9riose.<\/p>\n<p class=\"fig-paragraph\">Si vous comptez pr\u00e9parer un poisson pan\u00e9 pour votre repas, soyez vigilant\u00a0: certaines barquettes de poissons frais enrob\u00e9s font l\u2019objet d\u2019une campagne de rappel dans toute la France, alerte ce lundi 11 ao\u00fbt le site gouvernemental\u00a0<a href=\"https:\/\/rappel.conso.gouv.fr\/fiche-rappel\/19328\/Interne\" target=\"_blank\" rel=\"sponsored noopener\" data-gtm-custom-categorie=\"navigation\" data-gtm-custom-action=\"crossclick\" data-gtm-custom-label=\"Contextuel\" data-gtm-event=\"customEventSPE\">Rappel Conso<\/a>. Il s\u2019agit des poissons pan\u00e9s et des pr\u00e9parations de la gamme \u00ab<a href=\"http:\/\/www.lefigaro.fr\/societes\/carrefour-va-vendre-ses-activites-en-italie-pour-un-prix-symbolique-20250724\" data-fig-type=\"NewsFlash\" data-gtm-custom-categorie=\"navigation\" data-gtm-custom-action=\"crossclick\" data-gtm-custom-label=\"Contextuel\" data-gtm-event=\"customEventSPE\" data-fig-domain=\"LEFIGARO\" target=\"_blank\" rel=\"noopener\">Carrefour\u00a0<\/a>Le March\u00e9\u00bb, qui pr\u00e9sentent un risque de contamination par listeria monocytogenes, la bact\u00e9rie responsable de la list\u00e9riose.<\/p>\n<p class=\"fig-paragraph\">Les produits rappel\u00e9s ont \u00e9t\u00e9 commercialis\u00e9s dans toute la France dans les rayons r\u00e9frig\u00e9r\u00e9s des magasins Carrefour, Cora, Supermarch\u00e9 Match, entre le 31 juillet et le 9 ao\u00fbt 2025. Plusieurs lots, aux dates limites de consommation (DLC) comprises entre le 13 et le 18 ao\u00fbt 2025, sont concern\u00e9s\u00a0:<\/p>\n<ul class=\"fig-list\">\n<li><strong>Filet Colin Alaska pan\u00e9 MSC (220\u202fg)\u00a0:<\/strong> GTIN 3523680433663, lots 5209532 (DLC 14\/08\/2025) et 5213532 (DLC 18\/08\/2025).<\/li>\n<li><strong>Lieu MSC Fish &amp; Chips (400\u202fg)\u00a0:<\/strong> GTIN 3523680434165, lot 5210531 (DLC 15\/08\/2025)<\/li>\n<li><strong>Lieu MSC Fish &amp; Chips (200\u202fg)\u00a0:<\/strong> GTIN 3523680434196, lots 5210531 (DLC 15\/08\/2025) et 5213535 (DLC 18\/08\/2025).<\/li>\n<li><strong>Filet Cabillaud MSC Fish &amp; Chips (200\u202fg)\u00a0: <\/strong>GTIN 3523680496569, lots 5210532 (DLC 15\/08\/2025), 5212534 (DLC 17\/08\/2025) et 5212584 (DLC 17\/08\/2025)<\/li>\n<li><strong>Filet Colin Alaska meuni\u00e8re MSC (200\u202fg)\u00a0: <\/strong>GTIN 3523680434370, lot 5211538 (DLC 13\/08\/2025)<\/li>\n<\/ul>\n<p>                                    <a class=\"fig-a11y-skip a11y-hidden\" href=\"#fig-a11y-skip-main-inarticle\"><br \/>\n        Passer la publicit\u00e9<br \/>\n    <\/a><\/p>\n<p class=\"fig-paragraph\">La list\u00e9riose peut provoquer de la\u00a0<a href=\"http:\/\/www.lefigaro.fr\/actualite-france\/rodeos-urbains-la-france-en-proie-a-une-fievre-de-violence-mecanique-20250709\" data-fig-type=\"Article\" data-gtm-custom-categorie=\"navigation\" data-gtm-custom-action=\"crossclick\" data-gtm-custom-label=\"Contextuel\" data-gtm-event=\"customEventSPE\" data-fig-domain=\"LEFIGARO\" target=\"_blank\" rel=\"noopener\">fi\u00e8vre<\/a>, des maux de t\u00eate ou des courbatures, et entra\u00eener des complications graves, notamment chez les femmes enceintes ou les personnes immunod\u00e9prim\u00e9es. Rappel Conso recommande de ne pas consommer les produits, de les rapporter et de consulter un m\u00e9decin en cas de sympt\u00f4mes apr\u00e8s ingestion.<\/p>\n","protected":false},"excerpt":{"rendered":"Plusieurs barquettes de la gamme \u00abCarrefour Le March\u00e9\u00bb pr\u00e9sentent un risque de list\u00e9riose. Si vous comptez pr\u00e9parer un&hellip;\n","protected":false},"author":2,"featured_media":312046,"comment_status":"","ping_status":"","sticky":false,"template":"","format":"standard","meta":{"footnotes":""},"categories":[4],"tags":[11,130,1011,27,12,19804,25],"class_list":{"0":"post-312045","1":"post","2":"type-post","3":"status-publish","4":"format-standard","5":"has-post-thumbnail","7":"category-france","8":"tag-actualites","9":"tag-consommation","10":"tag-fr","11":"tag-france","12":"tag-news","13":"tag-rappel-conso","14":"tag-republique-francaise"},"share_on_mastodon":{"url":"https:\/\/pubeurope.com\/@fr\/115011221162632190","error":""},"_links":{"self":[{"href":"https:\/\/www.europesays.com\/fr\/wp-json\/wp\/v2\/posts\/312045","targetHints":{"allow":["GET"]}}],"collection":[{"href":"https:\/\/www.europesays.com\/fr\/wp-json\/wp\/v2\/posts"}],"about":[{"href":"https:\/\/www.europesays.com\/fr\/wp-json\/wp\/v2\/types\/post"}],"author":[{"embeddable":true,"href":"https:\/\/www.europesays.com\/fr\/wp-json\/wp\/v2\/users\/2"}],"replies":[{"embeddable":true,"href":"https:\/\/www.europesays.com\/fr\/wp-json\/wp\/v2\/comments?post=312045"}],"version-history":[{"count":0,"href":"https:\/\/www.europesays.com\/fr\/wp-json\/wp\/v2\/posts\/312045\/revisions"}],"wp:featuredmedia":[{"embeddable":true,"href":"https:\/\/www.europesays.com\/fr\/wp-json\/wp\/v2\/media\/312046"}],"wp:attachment":[{"href":"https:\/\/www.europesays.com\/fr\/wp-json\/wp\/v2\/media?parent=312045"}],"wp:term":[{"taxonomy":"category","embeddable":true,"href":"https:\/\/www.europesays.com\/fr\/wp-json\/wp\/v2\/categories?post=312045"},{"taxonomy":"post_tag","embeddable":true,"href":"https:\/\/www.europesays.com\/fr\/wp-json\/wp\/v2\/tags?post=312045"}],"curies":[{"name":"wp","href":"https:\/\/api.w.org\/{rel}","templated":true}]}}