{"id":312047,"date":"2025-08-11T17:05:10","date_gmt":"2025-08-11T17:05:10","guid":{"rendered":"https:\/\/www.europesays.com\/fr\/312047\/"},"modified":"2025-08-11T17:05:10","modified_gmt":"2025-08-11T17:05:10","slug":"pga-jj-spaun-xander-schauffele-justin-rose-et-tommy-fleetwood-a-la-coupe-ryder","status":"publish","type":"post","link":"https:\/\/www.europesays.com\/fr\/312047\/","title":{"rendered":"PGA : JJ Spaun, Xander Schauffele, Justin Rose et Tommy Fleetwood \u00e0 la Coupe Ryder"},"content":{"rendered":"<p>Avec leurs succ\u00e8s au Championnat FedEx St. Jude cette semaine, quatre joueurs ont confirm\u00e9 leur participation \u00e0 la Coupe Ryder \u00e0 la fin du mois de septembre, qui va opposer les \u00c9tats-Unis et l&rsquo;Europe \u00e0 New York.<\/p>\n<p>Du c\u00f4t\u00e9 am\u00e9ricain, JJ Spaun et Xander Schauffele sont maintenant math\u00e9matiquement qualifi\u00e9s parmi les six premiers postes d\u00e9cern\u00e9s gr\u00e2ce au classement de la Coupe Ryder.<\/p>\n<p>Spaun s&rsquo;est inclin\u00e9 en prolongation du tournoi dimanche, mais ses succ\u00e8s cette semaine lui ont permis de poursuivre une saison de r\u00eave, lors de laquelle il a notamment mis la main sur l&rsquo;Omnium des \u00c9tats-Unis.<\/p>\n<p>Schauffele a de son c\u00f4t\u00e9 termin\u00e9 en 22e position. Apr\u00e8s deux victoires majeures l&rsquo;an dernier, Schauffele n&rsquo;a pas gagn\u00e9 le moindre tournoi cette ann\u00e9e, mais il compte tout de m\u00eame trois r\u00e9sultats dans le top-10.<\/p>\n<p>Scottie Scheffler \u00e9tait d\u00e9j\u00e0 qualifi\u00e9 automatiquement\u00a0<\/p>\n<p>Chez les Europ\u00e9ens, la victoire de Justin Rose lui a permis de rejoindre Rory McIlroy comme deuxi\u00e8me joueur qualifi\u00e9 pour le tournoi.\u00a0<\/p>\n<p>Rose participera donc \u00e0 la Coupe Ryder pour la septi\u00e8me fois de sa carri\u00e8re (2008, 2012, 2014, 2016, 2018, 2023).<\/p>\n<p>Apr\u00e8s \u00eatre arriv\u00e9 \u00e0 court, en troisi\u00e8me position, Fleetwood a pu se consoler puisqu&rsquo;il a aussi d\u00e9croch\u00e9 sa place dans l&rsquo;\u00e9quipe europ\u00e9enne.\u00a0<\/p>\n<p>McIlroy \u00e9tait qualifi\u00e9 depuis le 16 juin.\u00a0<\/p>\n<p>Chaque \u00e9quipe comptera sur 12 joueurs pour la repr\u00e9senter \u00e0 la Coupe Ryder. Les six premiers postes sont attribu\u00e9s aux six premiers joueurs du classement de la Coupe Ryder apr\u00e8s le Championnat BMW, qui aura lui la semaine prochaine.<\/p>\n<p>Trois autres postes sont donc disponibles d&rsquo;ici dimanche prochain.<\/p>\n<p>Une fois les six premi\u00e8res places confirm\u00e9es, les capitaines Keegan Bradley (\u00c9tats-Unis) et Luke Donald (Europe) pourront ensuite choisir les six joueurs de leurs choix parmi ceux qui ne sont pas automatiquement qualifi\u00e9s pour compl\u00e9ter leurs \u00e9quipes plus tard au mois d&rsquo;ao\u00fbt.\u00a0<\/p>\n<p>\u00a0<\/p>\n","protected":false},"excerpt":{"rendered":"Avec leurs succ\u00e8s au Championnat FedEx St. Jude cette semaine, quatre joueurs ont confirm\u00e9 leur participation \u00e0 la&hellip;\n","protected":false},"author":2,"featured_media":312048,"comment_status":"","ping_status":"","sticky":false,"template":"","format":"standard","meta":{"footnotes":""},"categories":[1418],"tags":[1011,27,1472,60],"class_list":{"0":"post-312047","1":"post","2":"type-post","3":"status-publish","4":"format-standard","5":"has-post-thumbnail","7":"category-golf","8":"tag-fr","9":"tag-france","10":"tag-golf","11":"tag-sports"},"share_on_mastodon":{"url":"https:\/\/pubeurope.com\/@fr\/115011225154356234","error":""},"_links":{"self":[{"href":"https:\/\/www.europesays.com\/fr\/wp-json\/wp\/v2\/posts\/312047","targetHints":{"allow":["GET"]}}],"collection":[{"href":"https:\/\/www.europesays.com\/fr\/wp-json\/wp\/v2\/posts"}],"about":[{"href":"https:\/\/www.europesays.com\/fr\/wp-json\/wp\/v2\/types\/post"}],"author":[{"embeddable":true,"href":"https:\/\/www.europesays.com\/fr\/wp-json\/wp\/v2\/users\/2"}],"replies":[{"embeddable":true,"href":"https:\/\/www.europesays.com\/fr\/wp-json\/wp\/v2\/comments?post=312047"}],"version-history":[{"count":0,"href":"https:\/\/www.europesays.com\/fr\/wp-json\/wp\/v2\/posts\/312047\/revisions"}],"wp:featuredmedia":[{"embeddable":true,"href":"https:\/\/www.europesays.com\/fr\/wp-json\/wp\/v2\/media\/312048"}],"wp:attachment":[{"href":"https:\/\/www.europesays.com\/fr\/wp-json\/wp\/v2\/media?parent=312047"}],"wp:term":[{"taxonomy":"category","embeddable":true,"href":"https:\/\/www.europesays.com\/fr\/wp-json\/wp\/v2\/categories?post=312047"},{"taxonomy":"post_tag","embeddable":true,"href":"https:\/\/www.europesays.com\/fr\/wp-json\/wp\/v2\/tags?post=312047"}],"curies":[{"name":"wp","href":"https:\/\/api.w.org\/{rel}","templated":true}]}}