{"id":312049,"date":"2025-08-11T17:06:19","date_gmt":"2025-08-11T17:06:19","guid":{"rendered":"https:\/\/www.europesays.com\/fr\/312049\/"},"modified":"2025-08-11T17:06:19","modified_gmt":"2025-08-11T17:06:19","slug":"football-volley-nouvelle-medaille-en-judo-les-resultats-de-ce-mardi-pour-les-athletes-mahorais","status":"publish","type":"post","link":"https:\/\/www.europesays.com\/fr\/312049\/","title":{"rendered":"football, volley, nouvelle m\u00e9daille en judo, les r\u00e9sultats de ce mardi pour les athl\u00e8tes mahorais"},"content":{"rendered":"<p>Mayotte conclut cette cinqui\u00e8me journ\u00e9e des Jeux des jeunes de l&rsquo;oc\u00e9an Indien avec notamment une quatri\u00e8me m\u00e9daille de bronze, en judo. <\/p>\n<p>Les jeux de la CJSOI se poursuivent aux Seychelles. Les Mahorais ont engrang\u00e9 plusieurs victoires ce mardi, pour ce cinqui\u00e8me jour de comp\u00e9tition. <strong>Les footballeurs mahorais<\/strong> se sont notamment impos\u00e9s 1-0 face au pays-h\u00f4te ce matin. \u00ab\u00a0Quel match, on a su se battre jusqu&rsquo;au bout, jusqu&rsquo;\u00e0 une victoire m\u00e9rit\u00e9e. On s&rsquo;est dit qu&rsquo;on all\u00e9 gagner ce match pour tous les Mahorais et on l&rsquo;a fait\u00a0\u00bb, se f\u00e9licite Ouksam Massoundi, le gardien mahorais qui a notamment arr\u00eat\u00e9 un penalty seychellois qui aurait fait tanguer le sort du match.<\/p>\n<\/p>\n<p><strong>En volley-ball,<\/strong> m\u00eame affiche, mais r\u00e9sultat diff\u00e9rent : les Mahorais ont \u00e9t\u00e9 battus 3 sets \u00e0 0 (25-13, 25-18, 25-13). C&rsquo;est leur deuxi\u00e8me d\u00e9faite de la comp\u00e9tition apr\u00e8s celle comme Maurice ce mardi. <\/p>\n<\/p>\n<p><strong>En judo<\/strong>, Rabia Raguissy a d\u00e9croch\u00e9 une m\u00e9daille de bronze dans la cat\u00e9gorie moins de 63 kg. \u00ab\u00a0Je me sens bien, j&rsquo;ai r\u00e9ussi \u00e0 rester calme\u00a0\u00bb, r\u00e9sume l&rsquo;adolescente de 16 ans, licenci\u00e9e au club de Chiconi-Sada, apr\u00e8s la rencontre.<\/p>\n<p>                                    <img class=\"a-article__image lazy libre\" width=\"800\" height=\"450\" data-src=\"https:\/\/www.europesays.com\/fr\/wp-content\/uploads\/2025\/08\/whatsapp-image-2025-08-05-at-15-48-49-68921f6f6b897539877639.jpg\" style=\"--img-placeholder: url('\/assets\/img\/placeholders\/article-800-450.svg');\" alt=\"\" aria-hidden=\"true\"\/><\/p>\n<p>                Rabia Raguissy, m\u00e9daill\u00e9e de bronze en judo dans la cat\u00e9gorie moins de 63 kilos<br \/>\n                     \u2022<br \/>\n                            \u00a9Ilona Youssouffa<\/p>\n<p><strong>En e-sport, <\/strong>Mayotte a \u00e9t\u00e9 \u00e9limin\u00e9e lors du tournoi sur le jeu vid\u00e9o fifa ce mardi matin, une simulation de football. La comp\u00e9tition f\u00e9minine s&rsquo;est tenue ce mardi apr\u00e8s-midi. <\/p>\n<p>                                    <img class=\"a-article__image lazy libre\" width=\"800\" height=\"450\" data-src=\"https:\/\/www.europesays.com\/fr\/wp-content\/uploads\/2025\/08\/whatsapp-image-2025-08-05-at-09-58-24-68921f99306af658740695.jpg\" style=\"--img-placeholder: url('\/assets\/img\/placeholders\/article-800-450.svg');\" alt=\"\" aria-hidden=\"true\"\/><\/p>\n<p>                La comp\u00e9tition d&rsquo;e-sport sur le jeu vid\u00e9o Fifa<br \/>\n                     \u2022<br \/>\n                            \u00a9DR<\/p>\n<p><strong>En voile,<\/strong> Jean Bourgeot, le seul repr\u00e9sentant de Mayotte poursuit son parcours. Si le dernier classement g\u00e9n\u00e9ral en date le place \u00e0 la quatri\u00e8me place sur cinq, les r\u00e9sultats pourraient \u00e9voluer avec les p\u00e9nalit\u00e9s inflig\u00e9es aux autres \u00e9quipes et ses r\u00e9sultats du jour, finissant 3e et 4e sur les manches d&rsquo;aujourd&rsquo;hui. Deux seront organis\u00e9es par jour jusqu&rsquo;\u00e0 la fin des \u00e9preuves vendredi. <\/p>\n<p>                                    <img class=\"a-article__image lazy libre\" width=\"800\" height=\"450\" data-src=\"https:\/\/www.europesays.com\/fr\/wp-content\/uploads\/2025\/08\/whatsapp-image-2025-08-05-at-17-19-26-68921fcf50bbb157020421.jpg\" style=\"--img-placeholder: url('\/assets\/img\/placeholders\/article-800-450.svg');\" alt=\"\" aria-hidden=\"true\"\/><\/p>\n<p>                Jean Bourgeot sur son voilier lors des \u00e9preuves aux Seychelles<br \/>\n                     \u2022<br \/>\n                            \u00a9Jacques Bourgeot<\/p>\n","protected":false},"excerpt":{"rendered":"Mayotte conclut cette cinqui\u00e8me journ\u00e9e des Jeux des jeunes de l&rsquo;oc\u00e9an Indien avec notamment une quatri\u00e8me m\u00e9daille de&hellip;\n","protected":false},"author":2,"featured_media":312050,"comment_status":"","ping_status":"","sticky":false,"template":"","format":"standard","meta":{"footnotes":""},"categories":[1417],"tags":[1011,27,60,1470,1469],"class_list":{"0":"post-312049","1":"post","2":"type-post","3":"status-publish","4":"format-standard","5":"has-post-thumbnail","7":"category-volley","8":"tag-fr","9":"tag-france","10":"tag-sports","11":"tag-volley","12":"tag-volleyball"},"share_on_mastodon":{"url":"https:\/\/pubeurope.com\/@fr\/115011229086655861","error":""},"_links":{"self":[{"href":"https:\/\/www.europesays.com\/fr\/wp-json\/wp\/v2\/posts\/312049","targetHints":{"allow":["GET"]}}],"collection":[{"href":"https:\/\/www.europesays.com\/fr\/wp-json\/wp\/v2\/posts"}],"about":[{"href":"https:\/\/www.europesays.com\/fr\/wp-json\/wp\/v2\/types\/post"}],"author":[{"embeddable":true,"href":"https:\/\/www.europesays.com\/fr\/wp-json\/wp\/v2\/users\/2"}],"replies":[{"embeddable":true,"href":"https:\/\/www.europesays.com\/fr\/wp-json\/wp\/v2\/comments?post=312049"}],"version-history":[{"count":0,"href":"https:\/\/www.europesays.com\/fr\/wp-json\/wp\/v2\/posts\/312049\/revisions"}],"wp:featuredmedia":[{"embeddable":true,"href":"https:\/\/www.europesays.com\/fr\/wp-json\/wp\/v2\/media\/312050"}],"wp:attachment":[{"href":"https:\/\/www.europesays.com\/fr\/wp-json\/wp\/v2\/media?parent=312049"}],"wp:term":[{"taxonomy":"category","embeddable":true,"href":"https:\/\/www.europesays.com\/fr\/wp-json\/wp\/v2\/categories?post=312049"},{"taxonomy":"post_tag","embeddable":true,"href":"https:\/\/www.europesays.com\/fr\/wp-json\/wp\/v2\/tags?post=312049"}],"curies":[{"name":"wp","href":"https:\/\/api.w.org\/{rel}","templated":true}]}}