{"id":312051,"date":"2025-08-11T17:07:17","date_gmt":"2025-08-11T17:07:17","guid":{"rendered":"https:\/\/www.europesays.com\/fr\/312051\/"},"modified":"2025-08-11T17:07:17","modified_gmt":"2025-08-11T17:07:17","slug":"les-cinq-joueurs-revanchards-et-attendus-au-tournant-cette-saison","status":"publish","type":"post","link":"https:\/\/www.europesays.com\/fr\/312051\/","title":{"rendered":"les cinq joueurs revanchards et attendus au tournant cette saison"},"content":{"rendered":"<p>Ils auront des choses \u00e0 prouver. L\u2019an pass\u00e9, plusieurs joueurs sont pass\u00e9s par des moments difficiles, entre blessures ou incapacit\u00e9s \u00e0 r\u00e9pondre aux attentes. Qu\u2019ils aient chang\u00e9 d\u2019environnement ou qu\u2019ils soient au contraire dans le m\u00eame club, ces derniers devront s\u2019attacher \u00e0 faire taire les critiques pour revenir sur le devant de la sc\u00e8ne et justifier la confiance accord\u00e9e. Retrouvez les cinq joueurs revanchards \u00e0 suivre cette saison.<\/p>\n<p>Georges-Henri Colombe (Stade Toulousain)<\/p>\n<p>Georges-Henri Colombe arrive \u00e0 un tournant de sa carri\u00e8re. Longtemps consid\u00e9r\u00e9 comme le futur du XV de France au poste de pilier droit, le colosse a connu la pire saison en professionnel. Piqu\u00e9 par Ronan O\u2019Gara durant la saison, l\u2019ancien du Racing n\u2019a quasiment pas \u00e9t\u00e9 utilis\u00e9 de la deuxi\u00e8me partie de saison, alors qu\u2019il avait annonc\u00e9 qu\u2019il rejoignait le Stade Toulousain. Apparu hors de forme lors de la tourn\u00e9e du XV de France en Nouvelle-Z\u00e9lande, il devra vite reprendre ses marques dans son nouveau club pour tenter de s\u2019imposer et relancer sa carri\u00e8re. Il pourrait s\u2019agir de sa derni\u00e8re chance.<\/p>\n<p><img loading=\"lazy\" decoding=\"async\" class=\"size-thumbnail wp-image-14303\" src=\"https:\/\/www.europesays.com\/fr\/wp-content\/uploads\/2025\/08\/ICONSPORT_250708_0082-500x267.jpg\" alt=\"\" width=\"500\" height=\"267\"\/> Georges-Henri Colombe<\/p>\n<p>Antoine Hastoy (Stade Rochelais)<\/p>\n<p>L\u2019ouvreur du Stade Rochelais a connu des derniers mois d\u00e9licats. Critiqu\u00e9 publiquement par son entra\u00eeneur apr\u00e8s un d\u00e9but de saison en demi-teinte, l\u2019ancien Palois a perdu confiance et a longtemps sembl\u00e9 perdu sur le terrain. Sans paniquer, il s\u2019est accroch\u00e9 et a r\u00e9alis\u00e9 une deuxi\u00e8me partie de saison de bien meilleure facture, avant de terminer en beaut\u00e9 avec la tourn\u00e9e des Bleus. Son association avec Nolann Le Garrec promet de faire des \u00e9tincelles et pourrait lui permettre de passer un cap et de faire taire les critiques.<\/p>\n<p><img loading=\"lazy\" decoding=\"async\" class=\"size-thumbnail wp-image-14305\" src=\"https:\/\/www.europesays.com\/fr\/wp-content\/uploads\/2025\/08\/ICONSPORT_261420_0031-500x267.jpg\" alt=\"\" width=\"500\" height=\"267\"\/> Antoine Hastoy<\/p>\n<p>Lachlan Swinton (UBB)<\/p>\n<p>On pourrait presque le consid\u00e9rer comme une recrue de l\u2019Union Bordeaux-B\u00e8gles. Transf\u00e9r\u00e9 l\u2019an dernier en provenance de son pays natal, l\u2019Australien a connu une premi\u00e8re saison cauchemar sous les couleurs de l\u2019UBB. Expuls\u00e9 pour un geste stupide face au Racing, le troisi\u00e8me-ligne s\u2019est ensuite s\u00e9rieusement bless\u00e9 et a manqu\u00e9 la deuxi\u00e8me partie de saison. S\u2019il parvient \u00e0 retrouver son niveau, il apportera une densit\u00e9 physique pr\u00e9cieuse aux Girondins et pourrait leur permettre de rivaliser avec les meilleurs.<\/p>\n<p><img loading=\"lazy\" decoding=\"async\" class=\"size-thumbnail wp-image-14299\" src=\"https:\/\/www.europesays.com\/fr\/wp-content\/uploads\/2025\/08\/ICONSPORT_252273_0197-500x267.jpg\" alt=\"\" width=\"500\" height=\"267\"\/> Lachlan Swinton<\/p>\n<p>Antoine Frisch (Toulon)<\/p>\n<p>Pour lui aussi, la saison derni\u00e8re est \u00e0 oublier. Arriv\u00e9 \u00e0 Toulon avec une belle r\u00e9putation et des premiers pas en Bleu, le centre devait s\u2019imposer et former une paire redoutable avec Leicester Fainga\u2019anuku. Finalement, entre blessures et temps d\u2019adaptation, il n\u2019a jamais r\u00e9ussi \u00e0 s\u2019imposer et \u00e0 faire taire les doutes. Avec une vraie pr\u00e9saison et le d\u00e9part du centre n\u00e9o-z\u00e9landais, Frisch a une belle carte \u00e0 jouer.<\/p>\n<p><img loading=\"lazy\" decoding=\"async\" class=\"size-thumbnail wp-image-14301\" src=\"https:\/\/www.europesays.com\/fr\/wp-content\/uploads\/2025\/08\/ICONSPORT_250071_0009-500x267.jpg\" alt=\"\" width=\"500\" height=\"267\"\/> Antoine Frisch<\/p>\n<p>Louis Carbonel (Stade Fran\u00e7ais)<\/p>\n<p>Il a symbolis\u00e9 les maux du Stade Fran\u00e7ais. Recrut\u00e9 pour venir remplacer Joris Segonds, Louis Carbonel devait permettre aux Franciliens de franchir un cap et d\u2019\u00e9pouser un jeu plus offensif. Finalement, le champion du monde U20 a connu une saison noire et a fini par \u00eatre progressivement \u00e9cart\u00e9 par Paul Gustard. Un temps annonc\u00e9 du c\u00f4t\u00e9 du RCT pour un grand retour, l\u2019ouvreur va devoir hausser le curseur \u00e0 Paris pour ne pas compromettre la suite de sa carri\u00e8re.<\/p>\n<p><img loading=\"lazy\" decoding=\"async\" class=\"size-thumbnail wp-image-14297\" src=\"https:\/\/www.europesays.com\/fr\/wp-content\/uploads\/2025\/08\/ICONSPORT_258220_0113-1-500x267.jpg\" alt=\"\" width=\"500\" height=\"267\"\/> Louis Carbonel<\/p>\n<p>\u00a0<\/p>\n<p>Partagez cette info avec vos amis et vos proches en cliquant ici<br \/>Pour r\u00e9sumer<\/p>\n<p>Apr\u00e8s avoir connu des derniers mois difficiles pour diff\u00e9rentes raisons, plusieurs joueurs auront \u00e0 c\u0153ur de faire taire les critiques et de retrouver les sommets cette saison en Top 14. Ils seront attendus de pied ferme \u00e0 la reprise.<\/p>\n<p> <img decoding=\"async\" width=\"76\" height=\"76\" loading=\"lazy\" src=\"https:\/\/www.europesays.com\/fr\/wp-content\/uploads\/2025\/04\/avatar-quinze.png\" alt=\"Arnaud D\u00e9chelotte\"\/><\/p>\n","protected":false},"excerpt":{"rendered":"Ils auront des choses \u00e0 prouver. L\u2019an pass\u00e9, plusieurs joueurs sont pass\u00e9s par des moments difficiles, entre blessures&hellip;\n","protected":false},"author":2,"featured_media":312052,"comment_status":"","ping_status":"","sticky":false,"template":"","format":"standard","meta":{"footnotes":""},"categories":[1416],"tags":[1011,27,479,1468,60],"class_list":{"0":"post-312051","1":"post","2":"type-post","3":"status-publish","4":"format-standard","5":"has-post-thumbnail","7":"category-rugby","8":"tag-fr","9":"tag-france","10":"tag-rugby","11":"tag-rugby-football","12":"tag-sports"},"share_on_mastodon":{"url":"https:\/\/pubeurope.com\/@fr\/115011233231821800","error":""},"_links":{"self":[{"href":"https:\/\/www.europesays.com\/fr\/wp-json\/wp\/v2\/posts\/312051","targetHints":{"allow":["GET"]}}],"collection":[{"href":"https:\/\/www.europesays.com\/fr\/wp-json\/wp\/v2\/posts"}],"about":[{"href":"https:\/\/www.europesays.com\/fr\/wp-json\/wp\/v2\/types\/post"}],"author":[{"embeddable":true,"href":"https:\/\/www.europesays.com\/fr\/wp-json\/wp\/v2\/users\/2"}],"replies":[{"embeddable":true,"href":"https:\/\/www.europesays.com\/fr\/wp-json\/wp\/v2\/comments?post=312051"}],"version-history":[{"count":0,"href":"https:\/\/www.europesays.com\/fr\/wp-json\/wp\/v2\/posts\/312051\/revisions"}],"wp:featuredmedia":[{"embeddable":true,"href":"https:\/\/www.europesays.com\/fr\/wp-json\/wp\/v2\/media\/312052"}],"wp:attachment":[{"href":"https:\/\/www.europesays.com\/fr\/wp-json\/wp\/v2\/media?parent=312051"}],"wp:term":[{"taxonomy":"category","embeddable":true,"href":"https:\/\/www.europesays.com\/fr\/wp-json\/wp\/v2\/categories?post=312051"},{"taxonomy":"post_tag","embeddable":true,"href":"https:\/\/www.europesays.com\/fr\/wp-json\/wp\/v2\/tags?post=312051"}],"curies":[{"name":"wp","href":"https:\/\/api.w.org\/{rel}","templated":true}]}}