{"id":312054,"date":"2025-08-11T17:10:11","date_gmt":"2025-08-11T17:10:11","guid":{"rendered":"https:\/\/www.europesays.com\/fr\/312054\/"},"modified":"2025-08-11T17:10:11","modified_gmt":"2025-08-11T17:10:11","slug":"people-jorge-martin-lance-une-nouvelle-entreprise-de-sport-en-dehors-du-motogp","status":"publish","type":"post","link":"https:\/\/www.europesays.com\/fr\/312054\/","title":{"rendered":"People : Jorge Martin lance une nouvelle entreprise de sport en dehors du MotoGP"},"content":{"rendered":"<p><strong>En marge du MotoGP, <a href=\"https:\/\/www.paddock-gp.com\/?s=martin\" target=\"_blank\" rel=\"noopener nofollow\">Jorge Martin<\/a> ouvre une premi\u00e8re salle de sport :<br \/>\n\u00ab Le OnFit 89 Lab na\u00eet comme un environnement global de sant\u00e9<br \/>\net de performance \u00bb<\/strong><\/p>\n<p>De <strong>Izan Herv\u00e1s<\/strong> \u00a0\/ <a href=\"https:\/\/www.motosan.es\/\" target=\"_blank\" rel=\"noopener nofollow\"><strong>Motosan.es<\/strong><\/a><\/p>\n<p>2025 s\u2019annonce comme une ann\u00e9e de changements et de d\u00e9fis pour<br \/>\n<strong>Jorge Mart\u00edn<\/strong>, tant sur le plan sportif que<br \/>\npersonnel. Le champion du monde en titre de MotoGP, qui a fait son<br \/>\nretour au Grand Prix de R\u00e9publique tch\u00e8que avec une honorable<br \/>\nsepti\u00e8me place, a d\u00e9cid\u00e9 de franchir une nouvelle \u00e9tape en dehors<br \/>\nde la piste et de s\u2019aventurer dans un nouveau monde : celui des<br \/>\naffaires.<\/p>\n<p>Habitu\u00e9 \u00e0 travailler avec une pr\u00e9cision millim\u00e9trique sur une<br \/>\nmoto, Mart\u00edn semble d\u00e9termin\u00e9 \u00e0 appliquer la m\u00eame philosophie \u00e0 sa<br \/>\nvie en dehors des circuits. Le coureur madril\u00e8ne, qui vit en<br \/>\nAndorre, a annonc\u00e9 le lancement de sa premi\u00e8re salle de sport, un<br \/>\nprojet qui vise non seulement \u00e0 offrir un espace d\u2019entra\u00eenement,<br \/>\nmais aussi \u00e0 devenir un centre de r\u00e9f\u00e9rence en mati\u00e8re de<br \/>\nperformance et de sant\u00e9 globale.<\/p>\n<p><strong>De la moto \u00e0 la salle de sport : un changement<br \/>\nr\u00e9fl\u00e9chi<br \/><\/strong> L\u2019id\u00e9e n\u2019est pas venue du jour au lendemain.<br \/>\nMart\u00edn poss\u00e9dait d\u00e9j\u00e0 une exp\u00e9rience dans le secteur gr\u00e2ce<br \/>\n\u00e0\u00a0<strong>une installation de haute performance, OnFit Lab,<br \/>\nsitu\u00e9e \u00e0 Pobla de Vallbona, dans la province de Valence. Des<br \/>\ncoureurs comme Jorge Navarro et Jaume Masi\u00e1 y ont trouv\u00e9 un lieu<br \/>\npour travailler leur pr\u00e9paration physique.<\/strong>\u00a0Cette<br \/>\npremi\u00e8re exp\u00e9rience a servi de base \u00e0 la cr\u00e9ation de sa nouvelle<br \/>\nentreprise.<br \/>La nouvelle salle de sport, baptis\u00e9e <strong>OnFit 89 [Lab.] en<br \/>\nhommage \u00e0 son num\u00e9ro de pilote,<\/strong> sera dirig\u00e9e par Andreu<br \/>\nMarco, ami personnel du pilote et professionnel de la nutrition et<br \/>\ndu fitness. Bien que son emplacement exact n\u2019ait pas \u00e9t\u00e9 r\u00e9v\u00e9l\u00e9,<br \/>\nelle se trouvera \u00e0 Madrid, probablement pr\u00e8s de la r\u00e9sidence de<br \/>\nMart\u00edn en Espagne.<\/p>\n<p><strong>Un projet avec sa propre philosophie<br \/><\/strong> Pour<br \/>\nMart\u00edn, cette nouvelle \u00e9tape n\u2019est pas seulement un investissement,<br \/>\nmais une fa\u00e7on de transmettre aux autres l\u2019importance de prendre<br \/>\nsoin de son corps et de son esprit, s\u2019appuyant ainsi sur le titre<br \/>\nde champion du monde.<br \/>L\u2019objectif est que les athl\u00e8tes professionnels et amateurs trouvent<br \/>\nau centre un espace o\u00f9 ils peuvent am\u00e9liorer leur condition<br \/>\nphysique, pr\u00e9venir les blessures et adopter de saines habitudes. Le<br \/>\nprogramme ne se limitera pas aux machines d\u2019entra\u00eenement\u00a0: une<br \/>\napproche globale associant force, endurance, nutrition et<br \/>\nr\u00e9cup\u00e9ration sera mise en place.<\/p>\n<p><strong>Exp\u00e9rience et soutien entrepreneurial<br \/><\/strong> Le<br \/>\nprojet est soutenu par Jm88 Gyc Motorsport SL, fond\u00e9e par Mart\u00edn<br \/>\nlui-m\u00eame en 2015. Jusqu\u2019\u00e0 pr\u00e9sent, son activit\u00e9 \u00e9tait centr\u00e9e sur<br \/>\nle management sportif, mais l\u2019entreprise franchit ainsi un nouveau<br \/>\ncap dans le secteur du fitness. Pour le pilote, cette<br \/>\ndiversification est une fa\u00e7on de pr\u00e9parer son avenir au-del\u00e0 de la<br \/>\ncomp\u00e9tition, \u00e0 l\u2019instar d\u2019autres coll\u00e8gues du paddock comme<br \/>\n<strong>Aleix Espargar\u00f3<\/strong>, qui ont su allier avec succ\u00e8s<br \/>\ncarri\u00e8re sportive et initiatives entrepreneuriales.<\/p>\n<p><strong>Entre podiums et projets<br \/><\/strong> Tandis qu\u2019il<br \/>\nfinalise les d\u00e9tails de sa salle de sport, Mart\u00edn continue de<br \/>\ncourir en MotoGP avec l\u2019objectif de se battre \u00e0 nouveau pour le<br \/>\npodium. Sa septi\u00e8me place en R\u00e9publique tch\u00e8que a montr\u00e9 qu\u2019\u00e0 son<br \/>\nretour, il peut encore \u00eatre en lice dans une saison exigeante.<br \/>\nConjuguer les exigences du championnat et la gestion d\u2019une nouvelle<br \/>\nentreprise constituera un autre challenge pour un pilote qui, comme<br \/>\nil l\u2019a d\u00e9montr\u00e9, n\u2019a pas peur des d\u00e9fis.<br \/>Le lancement d\u2019OnFit 89 Lab est pr\u00e9vu dans les prochains jours.<br \/>\nMart\u00edn esp\u00e8re ainsi consolider une carri\u00e8re professionnelle qui lui<br \/>\npermettra de rester actif et connect\u00e9 au sport, tant sur circuit<br \/>\nqu\u2019en salle. Car, pour le Madril\u00e8ne, la pr\u00e9paration physique n\u2019est<br \/>\npas seulement un outil de performance, mais une philosophie de<br \/>\nvie.<\/p>\n<p><strong><a href=\"https:\/\/www.motosan.es\/motogp\/jorge-martin-emprende-un-nuevo-negocio-al-margen-de-motogp\/\" target=\"_blank\" rel=\"noopener nofollow\">Lire l\u2019article original sur<br \/>\nMotosan.es<\/a><br \/><a href=\"https:\/\/www.paddock-gp.com\/?s=martin\" target=\"_blank\" rel=\"noopener nofollow\">Jorge Mart\u00edn<\/a><br \/><\/strong><\/p>\n<p><img loading=\"lazy\" decoding=\"async\" class=\"aligncenter size-full wp-image-1317396\" src=\"https:\/\/www.europesays.com\/fr\/wp-content\/uploads\/2025\/08\/martin-onfit89.jpg\" alt=\"\" width=\"800\" height=\"486\"  \/><\/p>\n<p>Jorge Martin sport<\/p>\n","protected":false},"excerpt":{"rendered":"En marge du MotoGP, Jorge Martin ouvre une premi\u00e8re salle de sport : \u00ab Le OnFit 89 Lab&hellip;\n","protected":false},"author":2,"featured_media":312055,"comment_status":"","ping_status":"","sticky":false,"template":"","format":"standard","meta":{"footnotes":""},"categories":[1413],"tags":[1011,27,1457,1456,60],"class_list":{"0":"post-312054","1":"post","2":"type-post","3":"status-publish","4":"format-standard","5":"has-post-thumbnail","7":"category-moto","8":"tag-fr","9":"tag-france","10":"tag-moto","11":"tag-motocycle","12":"tag-sports"},"share_on_mastodon":{"url":"https:\/\/pubeurope.com\/@fr\/115011244835424369","error":""},"_links":{"self":[{"href":"https:\/\/www.europesays.com\/fr\/wp-json\/wp\/v2\/posts\/312054","targetHints":{"allow":["GET"]}}],"collection":[{"href":"https:\/\/www.europesays.com\/fr\/wp-json\/wp\/v2\/posts"}],"about":[{"href":"https:\/\/www.europesays.com\/fr\/wp-json\/wp\/v2\/types\/post"}],"author":[{"embeddable":true,"href":"https:\/\/www.europesays.com\/fr\/wp-json\/wp\/v2\/users\/2"}],"replies":[{"embeddable":true,"href":"https:\/\/www.europesays.com\/fr\/wp-json\/wp\/v2\/comments?post=312054"}],"version-history":[{"count":0,"href":"https:\/\/www.europesays.com\/fr\/wp-json\/wp\/v2\/posts\/312054\/revisions"}],"wp:featuredmedia":[{"embeddable":true,"href":"https:\/\/www.europesays.com\/fr\/wp-json\/wp\/v2\/media\/312055"}],"wp:attachment":[{"href":"https:\/\/www.europesays.com\/fr\/wp-json\/wp\/v2\/media?parent=312054"}],"wp:term":[{"taxonomy":"category","embeddable":true,"href":"https:\/\/www.europesays.com\/fr\/wp-json\/wp\/v2\/categories?post=312054"},{"taxonomy":"post_tag","embeddable":true,"href":"https:\/\/www.europesays.com\/fr\/wp-json\/wp\/v2\/tags?post=312054"}],"curies":[{"name":"wp","href":"https:\/\/api.w.org\/{rel}","templated":true}]}}