{"id":312058,"date":"2025-08-11T17:12:11","date_gmt":"2025-08-11T17:12:11","guid":{"rendered":"https:\/\/www.europesays.com\/fr\/312058\/"},"modified":"2025-08-11T17:12:11","modified_gmt":"2025-08-11T17:12:11","slug":"pauline-ferrand-prevot-recente-vainqueure-du-tour-de-france-ne-participera-pas-au-mondiaux-de-cyclisme-au-rwanda","status":"publish","type":"post","link":"https:\/\/www.europesays.com\/fr\/312058\/","title":{"rendered":"Pauline Ferrand-Pr\u00e9vot, r\u00e9cente vainqueure du Tour de France, ne participera pas au Mondiaux de cyclisme au Rwanda"},"content":{"rendered":"<p>                          <img loading=\"lazy\" decoding=\"async\" src=\"https:\/\/www.europesays.com\/fr\/wp-content\/uploads\/2025\/08\/056a773_ftp-import-images-1-6iwf3udxdkr5-5505118-01-06.jpg\" alt=\"Pauline Ferrand-Pr\u00e9vot, lors de la pr\u00e9sentation des \u00e9quipes avant le d\u00e9part du Tour de France, \u00e0 Vannes, le 26\u00a0juillet 2025.\"   width=\"664\" height=\"443\"\/>    Pauline Ferrand-Pr\u00e9vot, lors de la pr\u00e9sentation des \u00e9quipes avant le d\u00e9part du Tour de France, \u00e0 Vannes, le 26\u00a0juillet 2025.  JULIEN DE ROSA \/ AFP                   <\/p>\n<p class=\"article__paragraph  \">Pauline Ferrand-Pr\u00e9vot, 33\u00a0ans, n\u2019ajoutera pas un nouveau maillot arc-en-ciel de championne du monde \u00e0 sa collection. Du moins, pas cette ann\u00e9e. La coureuse fran\u00e7aise, <a href=\"https:\/\/www.lemonde.fr\/sport\/article\/2025\/08\/03\/le-pari-gagne-de-pauline-ferrand-prevot-vainqueure-du-tour-de-france-un-an-apres-son-triomphe-olympique_6626436_3242.html\" rel=\"nofollow noopener\" target=\"_blank\">maillot jaune du dernier Tour de France<\/a>, a annonc\u00e9, lundi 11\u00a0ao\u00fbt, \u00e0 l\u2019occasion d\u2019un rendez-vous avec plusieurs m\u00e9dias, dont Le Monde, \u00e0 Bois-le-Duc aux Pays-Bas, qu\u2019elle renon\u00e7ait \u00e0 disputer les Mondiaux de cyclisme sur route, qui se d\u00e9rouleront \u00e0 Kigali, au Rwanda, du 21\u00a0au 28\u00a0septembre.<\/p>\n<p>   Lire plus tard  <\/p>\n<p class=\"article__paragraph  \">\u00ab\u00a0Je dois \u00eatre intelligente [dans mon choix de programme]\u00a0\u00bb, a-t-elle expliqu\u00e9, pr\u00e9cisant vouloir s\u2019aligner sur la course en ligne des championnats d\u2019Europe, qui auront lieu du 1er au 5\u00a0octobre en Ard\u00e8che. Un des rares titres qui manquent encore \u00e0 son impressionnant palmar\u00e8s. \u00ab\u00a0Je me pr\u00e9pare pour \u00e7a\u00a0\u00bb, a insist\u00e9 la R\u00e9moise.<\/p>\n<p class=\"article__paragraph  \">La coureuse de la Visma-Lease a Bike reprendra la comp\u00e9tition d\u00e8s le 30\u00a0ao\u00fbt avec la Classic Lorient Agglom\u00e9ration, dans le Morbihan. Elle prendra ensuite part au Tour de l\u2019Ard\u00e8che \u2013 du 9\u00a0au 14\u00a0septembre \u2013, avant l\u2019\u00e9ch\u00e9ance continentale.<\/p>\n<p class=\"article__paragraph  \">Championne olympique de VTT cross-country aux Jeux de Paris 2024, Pauline Ferrand-Pr\u00e9vot s\u2019\u00e9tait d\u00e9j\u00e0 offert le titre mondial sur route en\u00a02014.<\/p>\n<p>   Lire plus tard  <\/p>\n<p class=\"article__author-container\"> <a class=\"article__author-link\" href=\"https:\/\/www.lemonde.fr\/signataires\/service-sports\/\" rel=\"nofollow noopener\" target=\"_blank\"> Service Sports<\/a>  <\/p>\n<p>L\u2019espace des contributions est r\u00e9serv\u00e9 aux abonn\u00e9s.<\/p>\n<p>Abonnez-vous pour acc\u00e9der \u00e0 cet espace d\u2019\u00e9change et contribuer \u00e0 la discussion.<\/p>\n<p>    <a href=\"https:\/\/abo.lemonde.fr\/?lmd_medium=BOUTONS_LMFR&amp;lmd_campaign=CONTRIBUTION_ARTICLE\" class=\"btn btn--premium js-btn-premium\" rel=\"nofollow noopener\" target=\"_blank\">S\u2019abonner<\/a>          <\/p>\n<p class=\"comments__active comments__tooltip\">Contribuer<\/p>\n<p>      <a href=\"https:\/\/www.lemonde.fr\/syndication\/\" class=\"reuse__content\" title=\"R\u00e9utiliser ce contenu\" target=\"_blank\" rel=\"nofollow noopener\">R\u00e9utiliser ce contenu<\/a>      <\/p>\n","protected":false},"excerpt":{"rendered":"Pauline Ferrand-Pr\u00e9vot, lors de la pr\u00e9sentation des \u00e9quipes avant le d\u00e9part du Tour de France, \u00e0 Vannes, le&hellip;\n","protected":false},"author":2,"featured_media":312059,"comment_status":"","ping_status":"","sticky":false,"template":"","format":"standard","meta":{"footnotes":""},"categories":[1411],"tags":[1154,207,1011,27,60],"class_list":{"0":"post-312058","1":"post","2":"type-post","3":"status-publish","4":"format-standard","5":"has-post-thumbnail","7":"category-cyclisme","8":"tag-cycling","9":"tag-cyclisme","10":"tag-fr","11":"tag-france","12":"tag-sports"},"share_on_mastodon":{"url":"https:\/\/pubeurope.com\/@fr\/115011252689347157","error":""},"_links":{"self":[{"href":"https:\/\/www.europesays.com\/fr\/wp-json\/wp\/v2\/posts\/312058","targetHints":{"allow":["GET"]}}],"collection":[{"href":"https:\/\/www.europesays.com\/fr\/wp-json\/wp\/v2\/posts"}],"about":[{"href":"https:\/\/www.europesays.com\/fr\/wp-json\/wp\/v2\/types\/post"}],"author":[{"embeddable":true,"href":"https:\/\/www.europesays.com\/fr\/wp-json\/wp\/v2\/users\/2"}],"replies":[{"embeddable":true,"href":"https:\/\/www.europesays.com\/fr\/wp-json\/wp\/v2\/comments?post=312058"}],"version-history":[{"count":0,"href":"https:\/\/www.europesays.com\/fr\/wp-json\/wp\/v2\/posts\/312058\/revisions"}],"wp:featuredmedia":[{"embeddable":true,"href":"https:\/\/www.europesays.com\/fr\/wp-json\/wp\/v2\/media\/312059"}],"wp:attachment":[{"href":"https:\/\/www.europesays.com\/fr\/wp-json\/wp\/v2\/media?parent=312058"}],"wp:term":[{"taxonomy":"category","embeddable":true,"href":"https:\/\/www.europesays.com\/fr\/wp-json\/wp\/v2\/categories?post=312058"},{"taxonomy":"post_tag","embeddable":true,"href":"https:\/\/www.europesays.com\/fr\/wp-json\/wp\/v2\/tags?post=312058"}],"curies":[{"name":"wp","href":"https:\/\/api.w.org\/{rel}","templated":true}]}}