{"id":312060,"date":"2025-08-11T17:13:11","date_gmt":"2025-08-11T17:13:11","guid":{"rendered":"https:\/\/www.europesays.com\/fr\/312060\/"},"modified":"2025-08-11T17:13:11","modified_gmt":"2025-08-11T17:13:11","slug":"mercato-om-le-defenseur-equatorien-joel-ordonez-toujours-dans-le-viseur-des-dirigeants-olympiens","status":"publish","type":"post","link":"https:\/\/www.europesays.com\/fr\/312060\/","title":{"rendered":"Mercato OM. Le d\u00e9fenseur \u00e9quatorien Joel Ordonez toujours dans le viseur des dirigeants olympiens"},"content":{"rendered":"<p>De l\u2019\u00c9quateur \u00e0 la Belgique en passant par la France, <a href=\"https:\/\/www.laprovence.com\/article\/om\/14218849637449\/mercato-om-ordonez-weah-a-deux-semaines-de-la-reprise-un-effectif-a-completer\" target=\"_blank\" rel=\"noopener\">le nom de Joel Ordonez<\/a> revient en boucle ces derni\u00e8res semaines. Et pour cause\u00a0: le d\u00e9fenseur central de 21\u00a0ans, qui \u00e9volue au Club Bruges, est dans le viseur de l\u2019OM. L\u2019\u00e9tat-major marseillais a d\u00e9j\u00e0 <a href=\"https:\/\/www.laprovence.com\/article\/om\/84378885861303\/om-facundo-medina-les-dessous-dune-acclimatation-supersonique\" target=\"_blank\" rel=\"noopener\">recrut\u00e9 Facundo Medina<\/a> (pr\u00eat avec option d\u2019achat au RC Lens) et Conrad Jaden Egan-Riley (libre, en provenance de Burnley) cet \u00e9t\u00e9 pour renforcer le secteur d\u00e9fensif, mais il ne compte pas en rester l\u00e0.<\/p>\n","protected":false},"excerpt":{"rendered":"De l\u2019\u00c9quateur \u00e0 la Belgique en passant par la France, le nom de Joel Ordonez revient en boucle&hellip;\n","protected":false},"author":2,"featured_media":312061,"comment_status":"","ping_status":"","sticky":false,"template":"","format":"standard","meta":{"footnotes":""},"categories":[1410],"tags":[17,15013,45185,63,1011,27,37783,1434,149,42925,60,1810],"class_list":{"0":"post-312060","1":"post","2":"type-post","3":"status-publish","4":"format-standard","5":"has-post-thumbnail","7":"category-football","8":"tag-17","9":"tag-defenseur","10":"tag-equatorien","11":"tag-football","12":"tag-fr","13":"tag-france","14":"tag-joel","15":"tag-mercato","16":"tag-om","17":"tag-ordonez","18":"tag-sports","19":"tag-toujours"},"share_on_mastodon":{"url":"https:\/\/pubeurope.com\/@fr\/115011256598432704","error":""},"_links":{"self":[{"href":"https:\/\/www.europesays.com\/fr\/wp-json\/wp\/v2\/posts\/312060","targetHints":{"allow":["GET"]}}],"collection":[{"href":"https:\/\/www.europesays.com\/fr\/wp-json\/wp\/v2\/posts"}],"about":[{"href":"https:\/\/www.europesays.com\/fr\/wp-json\/wp\/v2\/types\/post"}],"author":[{"embeddable":true,"href":"https:\/\/www.europesays.com\/fr\/wp-json\/wp\/v2\/users\/2"}],"replies":[{"embeddable":true,"href":"https:\/\/www.europesays.com\/fr\/wp-json\/wp\/v2\/comments?post=312060"}],"version-history":[{"count":0,"href":"https:\/\/www.europesays.com\/fr\/wp-json\/wp\/v2\/posts\/312060\/revisions"}],"wp:featuredmedia":[{"embeddable":true,"href":"https:\/\/www.europesays.com\/fr\/wp-json\/wp\/v2\/media\/312061"}],"wp:attachment":[{"href":"https:\/\/www.europesays.com\/fr\/wp-json\/wp\/v2\/media?parent=312060"}],"wp:term":[{"taxonomy":"category","embeddable":true,"href":"https:\/\/www.europesays.com\/fr\/wp-json\/wp\/v2\/categories?post=312060"},{"taxonomy":"post_tag","embeddable":true,"href":"https:\/\/www.europesays.com\/fr\/wp-json\/wp\/v2\/tags?post=312060"}],"curies":[{"name":"wp","href":"https:\/\/api.w.org\/{rel}","templated":true}]}}