{"id":312066,"date":"2025-08-11T17:17:10","date_gmt":"2025-08-11T17:17:10","guid":{"rendered":"https:\/\/www.europesays.com\/fr\/312066\/"},"modified":"2025-08-11T17:17:10","modified_gmt":"2025-08-11T17:17:10","slug":"telematin-et-bonjour-rallonges-arrivee-de-cyril-hanouna-et-prime-time-retarde-sur-w-9-ce-qui-change-a-la-tele","status":"publish","type":"post","link":"https:\/\/www.europesays.com\/fr\/312066\/","title":{"rendered":"\u00ab\u00a0T\u00e9l\u00e9matin\u00a0\u00bb et \u00ab\u00a0Bonjour\u00a0!\u00a0\u00bb rallong\u00e9s, arriv\u00e9e de Cyril Hanouna et prime time retard\u00e9 sur W\u00a09\u2026 Ce qui change \u00e0 la t\u00e9l\u00e9"},"content":{"rendered":"<p class=\"paragraph text_align_left lp-f-body-02\">C\u00f4t\u00e9 nouveaut\u00e9s sur le petit \u00e9cran, la rentr\u00e9e ne se r\u00e9sumera pas au <a href=\"https:\/\/www.leparisien.fr\/culture-loisirs\/tv\/un-talk-show-un-jt-et-des-rediffusions-que-reserve-novo-19-la-chaine-lancee-le-1er-septembre-11-08-2025-KVU7SO47CRG5DIJXJRDCVJYJ7U.php\" target=\"_blank\" rel=\"noreferrer nofollow noopener\">lancement de NoVo 19 sur le canal 19<\/a> et \u00e0 l\u2019arriv\u00e9e de Cyril Hanouna avec sa <a href=\"https:\/\/www.leparisien.fr\/culture-loisirs\/tv\/tout-beau-tout-9-cyril-hanouna-devoile-les-chroniqueurs-pour-la-premiere-de-sa-nouvelle-emission-sur-w-9-09-08-2025-EB4FLAX4OBGNXBR7QNTAYS4H4M.php\" target=\"_blank\" rel=\"noreferrer nofollow noopener\">nouvelle \u00e9mission sur W 9<\/a>. \u00c0 partir du 1er septembre, de nombreuses cha\u00eenes vont op\u00e9rer des modifications dans leurs grilles, changer les horaires de leurs \u00e9missions ou m\u00eame inaugurer des programmes. Si tout n\u2019est pas encore compl\u00e8tement finalis\u00e9, voici d\u00e9j\u00e0 quelques changements auquel le t\u00e9l\u00e9spectateur peut se pr\u00e9parer.<\/p>\n<p class=\"paragraph text_align_left lp-f-body-02\">Sur France 2, en tout d\u00e9but de journ\u00e9e, l\u2019intemporel \u00ab T\u00e9l\u00e9matin \u00bb sera prolong\u00e9 de 6h30 \u00e0 9h50, au lieu de 9h30 la saison derni\u00e8re sur la Deux. D\u00e9sormais pr\u00e9sent\u00e9 par Maya Lauqu\u00e9 et Damien Thevenot (<a href=\"https:\/\/www.leparisien.fr\/culture-loisirs\/tv\/telematin-depart-surprise-de-flavie-flament-et-julien-arnaud-02-07-2025-LI6FWU4OPFGPJOUI73GJJGRZJY.php\" target=\"_blank\" rel=\"noreferrer nofollow noopener\">qui officiaient jusque-l\u00e0 le week-end<\/a>), l\u2019\u00e9mission sera ainsi davantage calibr\u00e9e pour faire de l\u2019ombre \u00e0 la matinale de TF 1, \u00ab Bonjour ! \u00bb \u00e9tir\u00e9e \u00e9galement \u00e0 la m\u00eame heure. \u00ab T\u00e9l\u00e9matin \u00bb sera suivi par le <a href=\"https:\/\/www.leparisien.fr\/culture-loisirs\/tv\/bel-bien-ensemble-a-quoi-va-ressembler-la-nouvelle-emission-dagathe-lecaron-sur-france-2-09-07-2025-LODFHWSHNVAC3BERKTEVCYML5Y.php\" target=\"_blank\" rel=\"noreferrer nofollow noopener\">magazine de d\u00e9veloppement personnel \u00ab Bel et bien ensemble \u00bb<\/a>, de 9h50 \u00e0 11 heures. Il passe en quotidienne apr\u00e8s avoir \u00e9t\u00e9 propos\u00e9 en hebdomadaire, uniquement le samedi matin les saisons pr\u00e9c\u00e9dentes. Enfin le jeu \u00ab Memory \u00bb avec Damien Th\u00e9venot arrive \u00e0 21 heures, sous forme d\u2019une pastille de 10 minutes, comme \u00ab Mot de passe \u00bb pr\u00e9c\u00e9demment.<\/p>\n<p class=\"paragraph text_align_left lp-f-body-02\">Sur France 3, les horaires s\u2019adaptent \u00e0 <a href=\"https:\/\/www.leparisien.fr\/culture-loisirs\/tv\/fin-de-questions-pour-un-champion-en-semaine-de-1988-a-aujourdhui-il-etait-une-fois-un-jeu-culte-29-06-2025-DOB6SUHWR5D7LJON62QLFQXEPI.php\" target=\"_blank\" rel=\"noreferrer nofollow noopener\">l\u2019arr\u00eat de \u00ab Questions pour un champion \u00bb en semaine<\/a>. Le jeu \u00ab Duels en famille \u00bb pilot\u00e9 par Cyril F\u00e9raud bascule \u00e0 17h20 contre 16h45 auparavant. \u00ab Slam \u00bb, avec Th\u00e9o Curin, commencera \u00e0 18 heures au lieu de 17h20, l\u2019ann\u00e9e derni\u00e8re.<\/p>\n<p>T 18 lance une \u00e9mission avec une ex-star de France 2<\/p>\n<p class=\"paragraph text_align_left lp-f-body-02\">Sur W 9, avec l\u2019arriv\u00e9e de <a href=\"https:\/\/www.leparisien.fr\/culture-loisirs\/cyril-hanouna\/\" target=\"_blank\" rel=\"noreferrer nofollow noopener\">Cyril Hanouna<\/a> \u00e0 18h45 et de son talk-show \u00ab Tout beau tout n9uf \u00bb , la t\u00e9l\u00e9r\u00e9alit\u00e9 \u00ab Les Cinquante \u00bb est avanc\u00e9e \u00e0 17h50 (contre 19h50). \u2060Le prime time de la cha\u00eene du groupe M 6, lui, est d\u00e9cal\u00e9 \u00e0 21h25 \u2014 et non plus \u00e0 21h10 jusqu\u2019alors \u2014 histoire de laisser un maximum d\u2019antenne \u00e0 l\u2019ex-star de feu C8 et \u00e0 sa bande de chroniqueurs. \u00c0 noter aussi sur W 9, la version ripolin\u00e9e de \u00ab Y\u2019a que la v\u00e9rit\u00e9 qui compte \u00bb, d\u00e8s le jeudi 4 septembre\u2026 \u00e0 21h25.<\/p>\n<p class=\"paragraph text_align_left lp-f-body-02\">De son c\u00f4t\u00e9, TFX s\u2019organise \u00e9galement pour contrer la concurrence de Cyril Hanouna sur W 9, donc. Une autre t\u00e9l\u00e9r\u00e9alit\u00e9, \u00ab La villa des c\u0153urs bris\u00e9s \u00bb, est d\u00e9cal\u00e9e \u00e0 20 heures (contre 19 heures). La rediffusion de \u00ab Plus belle la vie, encore plus belle \u00bb, propos\u00e9e jusqu\u2019ici, bascule ainsi sur TF 1 S\u00e9ries Films, autre cha\u00eene du <a href=\"https:\/\/www.leparisien.fr\/culture-loisirs\/tf1-plus\/\" target=\"_blank\" rel=\"noreferrer nofollow noopener\">groupe TF 1<\/a>.<\/p>\n<p class=\"paragraph text_align_left lp-f-body-02\">Enfin, la journaliste Chlo\u00e9 Nab\u00e9dian, ancienne figure embl\u00e9matique de la r\u00e9daction et de la m\u00e9t\u00e9o de France 2, int\u00e8gre T 18, o\u00f9 elle prendra les commandes de la quotidienne \u00ab Un jour ailleurs \u00bb, \u00e0 17h40. Cette cr\u00e9ation promet aux t\u00e9l\u00e9spectateurs de \u00ab faire d\u00e9couvrir des lieux, des gens, des loisirs et des exp\u00e9riences hors du commun, en France comme \u00e0 l\u2019\u00e9tranger \u00bb. L\u2019arriv\u00e9e de la reporter sp\u00e9cialiste de l\u2019environnement sur la cha\u00eene de la TNT inaugur\u00e9e le 6 juin dernier signe une \u00e9tape de plus dans son d\u00e9veloppement. Elle y rejoint notamment <a href=\"https:\/\/www.leparisien.fr\/culture-loisirs\/tv\/chez-ruquier-sur-t18-lanimateur-vedette-comme-a-la-maison-14-06-2025-5PD4FYQUJBHFFE4WEOXU4JGOKQ.php\" target=\"_blank\" rel=\"noreferrer nofollow noopener\">Laurent Ruquier<\/a>, d\u00e9j\u00e0 \u00e0 la t\u00eate de \u00ab Chez Ruquier \u00bb.<\/p>\n","protected":false},"excerpt":{"rendered":"C\u00f4t\u00e9 nouveaut\u00e9s sur le petit \u00e9cran, la rentr\u00e9e ne se r\u00e9sumera pas au lancement de NoVo 19 sur&hellip;\n","protected":false},"author":2,"featured_media":312067,"comment_status":"","ping_status":"","sticky":false,"template":"","format":"standard","meta":{"footnotes":""},"categories":[1356],"tags":[872,58,59,1011,27,252,2205,1364],"class_list":{"0":"post-312066","1":"post","2":"type-post","3":"status-publish","4":"format-standard","5":"has-post-thumbnail","7":"category-television","8":"tag-culture-et-loisirs","9":"tag-divertissement","10":"tag-entertainment","11":"tag-fr","12":"tag-france","13":"tag-television","14":"tag-television-medias","15":"tag-tv"},"share_on_mastodon":{"url":"https:\/\/pubeurope.com\/@fr\/115011272205269519","error":""},"_links":{"self":[{"href":"https:\/\/www.europesays.com\/fr\/wp-json\/wp\/v2\/posts\/312066","targetHints":{"allow":["GET"]}}],"collection":[{"href":"https:\/\/www.europesays.com\/fr\/wp-json\/wp\/v2\/posts"}],"about":[{"href":"https:\/\/www.europesays.com\/fr\/wp-json\/wp\/v2\/types\/post"}],"author":[{"embeddable":true,"href":"https:\/\/www.europesays.com\/fr\/wp-json\/wp\/v2\/users\/2"}],"replies":[{"embeddable":true,"href":"https:\/\/www.europesays.com\/fr\/wp-json\/wp\/v2\/comments?post=312066"}],"version-history":[{"count":0,"href":"https:\/\/www.europesays.com\/fr\/wp-json\/wp\/v2\/posts\/312066\/revisions"}],"wp:featuredmedia":[{"embeddable":true,"href":"https:\/\/www.europesays.com\/fr\/wp-json\/wp\/v2\/media\/312067"}],"wp:attachment":[{"href":"https:\/\/www.europesays.com\/fr\/wp-json\/wp\/v2\/media?parent=312066"}],"wp:term":[{"taxonomy":"category","embeddable":true,"href":"https:\/\/www.europesays.com\/fr\/wp-json\/wp\/v2\/categories?post=312066"},{"taxonomy":"post_tag","embeddable":true,"href":"https:\/\/www.europesays.com\/fr\/wp-json\/wp\/v2\/tags?post=312066"}],"curies":[{"name":"wp","href":"https:\/\/api.w.org\/{rel}","templated":true}]}}