{"id":312068,"date":"2025-08-11T17:18:10","date_gmt":"2025-08-11T17:18:10","guid":{"rendered":"https:\/\/www.europesays.com\/fr\/312068\/"},"modified":"2025-08-11T17:18:10","modified_gmt":"2025-08-11T17:18:10","slug":"beaucoup-la-croient-cinglee-mais-un-celebre-chanteur-la-defend","status":"publish","type":"post","link":"https:\/\/www.europesays.com\/fr\/312068\/","title":{"rendered":"\u00ab\u00a0Beaucoup la croient cingl\u00e9e mais&#8230;\u00a0\u00bb, un c\u00e9l\u00e8bre chanteur la d\u00e9fend"},"content":{"rendered":"<p>\n                Provocatrice assum\u00e9e, Brigitte Fontaine n&rsquo;h\u00e9site pas \u00e0 bousculer les codes quitte \u00e0 para\u00eetre d\u00e9lirante et \u00ab\u00a0cingl\u00e9e\u00a0\u00bb. Un c\u00e9l\u00e8bre chanteur, qui la conna\u00eet bien, a tenu \u00e0 d\u00e9fendre l&rsquo;artiste de 86\u00a0ans, souvent d\u00e9cri\u00e9e&#8230;            <\/p>\n<p>Ic\u00f4ne libre et inclassable, <a href=\"https:\/\/www.journaldesfemmes.fr\/people\/personnalites\/2807069-brigitte-fontaine-age-mari-maladie-mort\/\" title=\"Brigitte Fontaine\" rel=\"nofollow noopener\" target=\"_blank\">Brigitte Fontaine<\/a> traverse les d\u00e9cennies sans jamais se soucier des modes ni des critiques. Depuis plus de 60\u00a0ans, elle explore la chanson, le th\u00e9\u00e2tre, la po\u00e9sie\u00a0avec audace. Elle a pourtant \u00e9t\u00e9 consid\u00e9r\u00e9e comme marginale, voire moqu\u00e9e, \u00e0 de nombreuses reprises au cours de sa carri\u00e8re. Si sa personnalit\u00e9 et ses textes peuvent en surprendre plus d&rsquo;un, certains l&rsquo;appr\u00e9cient \u00e0 sa juste valeur, comme ce c\u00e9l\u00e8bre chanteur qui a pris la parole il y a quelques mois\u00a0dans\u00a0<a href=\"https:\/\/www.lemonde.fr\/blog\/fredericjoignot\/2025\/02\/01\/insubmersible-brigitte-fontaine\/\" target=\"_blank\" rel=\"nofollow noopener\">Le Monde<\/a> pour la d\u00e9fendre&#8230;<\/p>\n<p>Brigitte Fontaine, d\u00e9fendue par son ami Etienne Daho : \u00ab\u00a0Beaucoup la croient cingl\u00e9e&#8230;\u00a0\u00bb<\/p>\n<p>Entre Brigitte Fontaine et Etienne Daho, c&rsquo;est une amiti\u00e9 qui dure depuis plusieurs d\u00e9cennies. L&rsquo;interpr\u00e8te de Comme un boomerang a collabor\u00e9 avec la chanteuse pour son album Virgin en 1995 et celle-ci a \u00e9galement \u00e9crit plusieurs morceaux pour lui. \u00ab\u00a0J&rsquo;ai avec elle une relation de confiance tr\u00e8s tendre, tr\u00e8s douce\u00a0\u00bb, a assur\u00e9 le chanteur de 69 ans.<\/p>\n<p>Il a d&rsquo;ailleurs tenu \u00e0 la d\u00e9fendre face aux moqueries dont elle fait parfois l&rsquo;objet en raison de sa personnalit\u00e9 haute-en-couleur, de ses paroles crues et de sa libert\u00e9 de ton.\u00a0\u00ab\u00a0Beaucoup de gens ont peur d&rsquo;elle ou la croient cingl\u00e9e. Mais quand on travaille avec elle, Brigitte est tr\u00e8s pr\u00e9sente, elle ma\u00eetrise vraiment l&rsquo;histoire\u00a0\u00bb, a-t-il fait savoir.<\/p>\n<p>Etienne Daho, \u00ab\u00a0\u00e9nerv\u00e9\u00a0\u00bb et \u00ab\u00a0attrist\u00e9\u00a0\u00bb pour Brigitte Fontaine\u00a0<\/p>\n<p>La star de 86 ans, qui a notamment chant\u00e9 \u00ab\u00a0Je suis vieille et je vous encul*\u00a0\u00bb dans son titre Prohibition, n&rsquo;a jamais la langue dans sa poche, parfois \u00e0 ses d\u00e9pends.\u00a0\u00ab\u00a0Parfois, souvent par malaise, elle fait de la provocation, parfois tr\u00e8s dr\u00f4le, parfois tr\u00e8s embarrassante. Cela attire les gens des m\u00e9dias pour de mauvaises raisons, ils se disent\u00a0: &lsquo;\u00c7a va \u00eatre un grand moment de t\u00e9l\u00e9, elle va faire n&rsquo;importe quoi\u00a0!&rsquo;. Cela m&rsquo;\u00e9nerve et m&rsquo;attriste\u00a0\u00bb, a regrett\u00e9 <a href=\"https:\/\/www.journaldesfemmes.fr\/people\/personnalites\/2879687-etienne-daho-vie-privee-age-couple-chansons-biographie-68-ans\/\" title=\"Etienne Daho\" rel=\"nofollow noopener\" target=\"_blank\">Etienne Daho<\/a> qui a \u00e9galement lou\u00e9 son talent : \u00ab\u00a0C&rsquo;est une artiste exceptionnelle, elle a du g\u00e9nie, c&rsquo;est une Gainsbourg. Elle est au m\u00eame niveau, plus haut m\u00eame au niveau de l&rsquo;\u00e9criture\u00a0\u00bb.<\/p>\n<p>Etienne Daho appr\u00e9cie Brigitte Fontaine notamment pour son int\u00e9grit\u00e9 : \u00ab\u00a0Elle n&rsquo;a jamais fait le choix de l&rsquo;argent, ce qui est quand m\u00eame assez rare\u00a0! Elle a choisi de suivre son chemin, qui peut sembler d\u00e9cousu \u2013 de la chanson, du th\u00e9\u00e2tre, de l&rsquo;\u00e9criture\u00a0\u00bb.<\/p>\n","protected":false},"excerpt":{"rendered":"Provocatrice assum\u00e9e, Brigitte Fontaine n&rsquo;h\u00e9site pas \u00e0 bousculer les codes quitte \u00e0 para\u00eetre d\u00e9lirante et \u00ab\u00a0cingl\u00e9e\u00a0\u00bb. Un c\u00e9l\u00e8bre&hellip;\n","protected":false},"author":2,"featured_media":312069,"comment_status":"","ping_status":"","sticky":false,"template":"","format":"standard","meta":{"footnotes":""},"categories":[1355],"tags":[58,59,1011,27,1361,873],"class_list":{"0":"post-312068","1":"post","2":"type-post","3":"status-publish","4":"format-standard","5":"has-post-thumbnail","7":"category-musique","8":"tag-divertissement","9":"tag-entertainment","10":"tag-fr","11":"tag-france","12":"tag-music","13":"tag-musique"},"share_on_mastodon":{"url":"","error":""},"_links":{"self":[{"href":"https:\/\/www.europesays.com\/fr\/wp-json\/wp\/v2\/posts\/312068","targetHints":{"allow":["GET"]}}],"collection":[{"href":"https:\/\/www.europesays.com\/fr\/wp-json\/wp\/v2\/posts"}],"about":[{"href":"https:\/\/www.europesays.com\/fr\/wp-json\/wp\/v2\/types\/post"}],"author":[{"embeddable":true,"href":"https:\/\/www.europesays.com\/fr\/wp-json\/wp\/v2\/users\/2"}],"replies":[{"embeddable":true,"href":"https:\/\/www.europesays.com\/fr\/wp-json\/wp\/v2\/comments?post=312068"}],"version-history":[{"count":0,"href":"https:\/\/www.europesays.com\/fr\/wp-json\/wp\/v2\/posts\/312068\/revisions"}],"wp:featuredmedia":[{"embeddable":true,"href":"https:\/\/www.europesays.com\/fr\/wp-json\/wp\/v2\/media\/312069"}],"wp:attachment":[{"href":"https:\/\/www.europesays.com\/fr\/wp-json\/wp\/v2\/media?parent=312068"}],"wp:term":[{"taxonomy":"category","embeddable":true,"href":"https:\/\/www.europesays.com\/fr\/wp-json\/wp\/v2\/categories?post=312068"},{"taxonomy":"post_tag","embeddable":true,"href":"https:\/\/www.europesays.com\/fr\/wp-json\/wp\/v2\/tags?post=312068"}],"curies":[{"name":"wp","href":"https:\/\/api.w.org\/{rel}","templated":true}]}}