{"id":312070,"date":"2025-08-11T17:19:09","date_gmt":"2025-08-11T17:19:09","guid":{"rendered":"https:\/\/www.europesays.com\/fr\/312070\/"},"modified":"2025-08-11T17:19:09","modified_gmt":"2025-08-11T17:19:09","slug":"cest-different-tom-holland-revient-sur-le-premier-jour-de-tournage-de-spider-man-brand-new-day","status":"publish","type":"post","link":"https:\/\/www.europesays.com\/fr\/312070\/","title":{"rendered":"C\u2019est diff\u00e9rent\u00a0\u00bb: Tom Holland revient sur le premier jour de tournage de \u00ab\u00a0Spider-Man: Brand New Day"},"content":{"rendered":"<p>Le tournage du quatri\u00e8me volet de la saga \u00ab\u00a0Spider-Man\u00a0\u00bb a commenc\u00e9 le 1er ao\u00fbt \u00e0 Glasgow. Il sortira en salles le 29 juillet 2026.<\/p>\n<p>Un sens aigu de la mise en sc\u00e8ne et du teasing. Dans une premi\u00e8re vid\u00e9o officielle d&rsquo;\u00e0 peine une minute sur les coulisses du tournage de Spider-Man: Brand New Day, musique grandiloquente en fond, l&rsquo;acteur britannique Tom Holland confie qu&rsquo;enfiler le costume rouge et bleu du superh\u00e9ros \u00e9tait \u00ab\u00a0diff\u00e9rent\u00a0\u00bb des pr\u00e9c\u00e9dentes fois.<\/p>\n<p>\u00ab\u00a0C\u2019est la premi\u00e8re fois que nous avons des fans sur le plateau d\u00e8s le premier jour, c\u2019est tr\u00e8s excitant de partager cela avec eux\u00a0\u00bb, s&rsquo;est-il r\u00e9joui. Et d&rsquo;ajouter: \u00ab\u00a0On a des visages familiers sur le plateau. Je vais faire de mon mieux, j&rsquo;esp\u00e8re que tout ira bien. Sans pression.\u00a0\u00bb<\/p>\n<p><a href=\"https:\/\/www.bfmtv.com\/people\/cinema\/spider-man-4-tom-holland-revele-le-titre-du-prochain-film-de-la-franchise_AN-202504010116.html\" title=\"&quot;Spider-Man 4&quot;: Tom Holland r\u00e9v\u00e8le le titre du prochain film de la franchise\" class=\"internal_link\" rel=\"nofollow noopener\" target=\"_blank\">Tom Holland<\/a> r\u00e9alise ensuite<strong> <\/strong>une cascade o\u00f9 il dompte et chevauche un char d&rsquo;assaut devant un parterre de fans d\u00e9j\u00e0 conquis. \u00ab\u00a0C&rsquo;\u00e9tait g\u00e9nial\u00a0\u00bb, s&rsquo;\u00e9crie-t-il \u00e0 la fin de la prise. Puis l\u2019interpr\u00e8te de Peter Parker prend gentiment un enfant d\u00e9guis\u00e9 en homme-araign\u00e9e dans ses bras et tape dans les mains de ses admirateurs.<\/p>\n<p>Promo parcimonieuse<\/p>\n<p>Il y a quelques jours, la star de 29 ans avait publi\u00e9 quelques <a href=\"https:\/\/www.bfmtv.com\/people\/cinema\/spider-man-tom-holland-partage-des-images-du-tournage-du-prochain-volet-de-la-franchise_AN-202508040211.html\" title=\"&quot;Spider-Man&quot;: Tom Holland partage des images du tournage du prochain volet de la franchise\" class=\"internal_link\" rel=\"nofollow noopener\" target=\"_blank\">premi\u00e8res images<\/a> de ce tournage hors norme, qui a commenc\u00e9 le 1er ao\u00fbt dernier. Une <a href=\"https:\/\/www.bfmtv.com\/people\/cinema\/quelque-chose-de-tout-nouveau-arrive-le-premier-teaser-de-spiderman-brand-new-day-devoile_AN-202508010512.html\" title=\"&quot;Quelque chose de tout nouveau arrive&quot;: le premier teaser de &quot;Spider-Man: Brand New Day&quot; d\u00e9voil\u00e9\" class=\"internal_link\" rel=\"nofollow noopener\" target=\"_blank\">premi\u00e8re bande-annonce officielle<\/a> de quelques secondes de Spider-Man: Brand New Day avait \u00e9galement \u00e9t\u00e9 r\u00e9v\u00e9l\u00e9e au d\u00e9but du mois. Tom Holland y apparaissait dans l&rsquo;ombre, portant le costume de Spider-Man.<\/p>\n<p>Le quatri\u00e8me volet de la saga r\u00e9alis\u00e9 par Jon Watts, accompagn\u00e9 par Marvel et Disney, ne sortira que dans un an, le 29 juillet 2026 en France. Tom Holland y donnera notamment la r\u00e9plique \u00e0 <a href=\"https:\/\/www.bfmtv.com\/people\/rihanna-zendaya-diana-ross-les-looks-les-plus-extravagants-du-met-gala_AD-202505060141.html\" title=\"Rihanna, Zendaya, Diana Ross... les looks les plus extravagants du Met Gala\" class=\"internal_link\" rel=\"nofollow noopener\" target=\"_blank\">Zendaya<\/a> (MJ) &#8211; sa compagne dans la vraie vie &#8211; et \u00e0 Jacob Batalon (Ned). Sadie Sink (Stranger Things), dont le r\u00f4le n&rsquo;a pas encore \u00e9t\u00e9 d\u00e9voil\u00e9, fait aussi partie du casting.<\/p>\n<p>Aucun \u00e9l\u00e9ment sur <a href=\"https:\/\/www.bfmtv.com\/people\/cinema\/spider-man-4-tom-holland-revele-le-titre-du-prochain-film-de-la-franchise_AN-202504010116.html\" title=\"&quot;Spider-Man 4&quot;: Tom Holland r\u00e9v\u00e8le le titre du prochain film de la franchise\" class=\"internal_link\" rel=\"nofollow noopener\" target=\"_blank\">le sc\u00e9nario du film<\/a> n&rsquo;a pour le moment filtr\u00e9. Le dernier opus, No Way Home, sorti en 2021, se terminait avec une fin ouverte, puisque Peter Parker sauvait une nouvelle fois le monde, mais oubliait son existence.<\/p>\n<p>En mars dernier, Tom Holland n&rsquo;en avait pas dit beaucoup plus, au Comic Con, salon professionnel o\u00f9 les premi\u00e8res images des futurs blockbusters avaient \u00e9t\u00e9 d\u00e9voil\u00e9es. \u00ab\u00a0Spider Man: Brand New Day est un nouveau d\u00e9part. C&rsquo;est exactement \u00e7a. C&rsquo;est tout ce que je peux dire pour le moment\u00a0\u00bb, expliquait-il laconiquement.<\/p>\n","protected":false},"excerpt":{"rendered":"Le tournage du quatri\u00e8me volet de la saga \u00ab\u00a0Spider-Man\u00a0\u00bb a commenc\u00e9 le 1er ao\u00fbt \u00e0 Glasgow. Il sortira&hellip;\n","protected":false},"author":2,"featured_media":289907,"comment_status":"","ping_status":"","sticky":false,"template":"","format":"standard","meta":{"footnotes":""},"categories":[1354],"tags":[58,59,1346,1011,27,1360],"class_list":{"0":"post-312070","1":"post","2":"type-post","3":"status-publish","4":"format-standard","5":"has-post-thumbnail","7":"category-films","8":"tag-divertissement","9":"tag-entertainment","10":"tag-films","11":"tag-fr","12":"tag-france","13":"tag-movies"},"share_on_mastodon":{"url":"https:\/\/pubeurope.com\/@fr\/115011280279497831","error":""},"_links":{"self":[{"href":"https:\/\/www.europesays.com\/fr\/wp-json\/wp\/v2\/posts\/312070","targetHints":{"allow":["GET"]}}],"collection":[{"href":"https:\/\/www.europesays.com\/fr\/wp-json\/wp\/v2\/posts"}],"about":[{"href":"https:\/\/www.europesays.com\/fr\/wp-json\/wp\/v2\/types\/post"}],"author":[{"embeddable":true,"href":"https:\/\/www.europesays.com\/fr\/wp-json\/wp\/v2\/users\/2"}],"replies":[{"embeddable":true,"href":"https:\/\/www.europesays.com\/fr\/wp-json\/wp\/v2\/comments?post=312070"}],"version-history":[{"count":0,"href":"https:\/\/www.europesays.com\/fr\/wp-json\/wp\/v2\/posts\/312070\/revisions"}],"wp:featuredmedia":[{"embeddable":true,"href":"https:\/\/www.europesays.com\/fr\/wp-json\/wp\/v2\/media\/289907"}],"wp:attachment":[{"href":"https:\/\/www.europesays.com\/fr\/wp-json\/wp\/v2\/media?parent=312070"}],"wp:term":[{"taxonomy":"category","embeddable":true,"href":"https:\/\/www.europesays.com\/fr\/wp-json\/wp\/v2\/categories?post=312070"},{"taxonomy":"post_tag","embeddable":true,"href":"https:\/\/www.europesays.com\/fr\/wp-json\/wp\/v2\/tags?post=312070"}],"curies":[{"name":"wp","href":"https:\/\/api.w.org\/{rel}","templated":true}]}}