{"id":312071,"date":"2025-08-11T17:20:12","date_gmt":"2025-08-11T17:20:12","guid":{"rendered":"https:\/\/www.europesays.com\/fr\/312071\/"},"modified":"2025-08-11T17:20:12","modified_gmt":"2025-08-11T17:20:12","slug":"a-26-ans-son-nez-qui-coule-se-revele-etre-une-tumeur-cerebrale-mortelle","status":"publish","type":"post","link":"https:\/\/www.europesays.com\/fr\/312071\/","title":{"rendered":"\u00c0 26 ans, son \u00ab\u00a0nez qui coule\u00a0\u00bb se r\u00e9v\u00e8le \u00eatre une tumeur c\u00e9r\u00e9brale mortelle"},"content":{"rendered":"<p>Kieran Shingler menait une vie active \u00e0 Warrington, en Angleterre. Chauffeur de poids lourd, sportif accompli pr\u00e9parant un triathlon, rien ne laissait pr\u00e9sager le drame qui allait frapper ce jeune homme de 26 ans en novembre 2022.<\/p>\n<p>Tout commence lors d&rsquo;une soir\u00e9e festive en 2022, lorsque Kieran ressent les premiers sympt\u00f4mes : maux de t\u00eate, mal de gorge et nez qui coule. Des signes si banals qu&rsquo;il les attribue d&rsquo;abord au covid-19. Le test s&rsquo;av\u00e8re n\u00e9gatif, alors lui et sa petite amie Abbie Henstock, 26 ans, concluent qu&rsquo;il s&rsquo;agit simplement de la grippe. Mais au fil des semaines, l&rsquo;\u00e9tat de Kieran se d\u00e9grade progressivement. Ce sportif en pleine forme a des probl\u00e8mes de digestion et perd rapidement du poids. \u00ab\u00a0Il \u00e9tait si en forme, il faisait un triathlon, il s&rsquo;entra\u00eenait, nous savions juste que quelque chose n&rsquo;allait pas &#8211; ce n&rsquo;\u00e9tait pas Kieran\u00a0\u00bb, t\u00e9moigne Abbie, responsable de communication.<\/p>\n<p>Face \u00e0 l&rsquo;aggravation des sympt\u00f4mes, le m\u00e9decin g\u00e9n\u00e9raliste de Kieran l&rsquo;oriente vers l&rsquo;h\u00f4pital de Warrington pour un scanner CT. L&rsquo;examen r\u00e9v\u00e8le une d\u00e9couverte choquante : une masse dans le cerveau. Le jeune homme est imm\u00e9diatement transf\u00e9r\u00e9 au Walton Centre de Liverpool, un centre sp\u00e9cialis\u00e9 en neurochirurgie.<\/p>\n<p>Un combat de tous les instants<\/p>\n<p>Au Walton Centre, Kieran subit quatre op\u00e9rations chirurgicales successives, suivies d&rsquo;une radioth\u00e9rapie et d&rsquo;une chimioth\u00e9rapie. Les traitements semblent d&rsquo;abord porter leurs fruits, la tumeur commen\u00e7ant \u00e0 r\u00e9gresser. Mais le r\u00e9pit est de courte dur\u00e9e.<\/p>\n<p>Quatre jours apr\u00e8s No\u00ebl 2022, une heure avant une intervention pour installer un shunt permanent (une d\u00e9rivation ins\u00e9r\u00e9e dans l&rsquo;un des ventricules du cerveau, ndlr), la famille re\u00e7oit un verdict devastateur : Kieran souffre d&rsquo;un astrocytome anaplasique de grade 3, une tumeur c\u00e9r\u00e9brale maligne \u00e0 croissance rapide. Le pronostic est implacable : 12 mois \u00e0 vivre.<\/p>\n<p>\u00ab\u00a0Quand on m&rsquo;a diagnostiqu\u00e9 une tumeur au cerveau, j&rsquo;avais peur, j&rsquo;\u00e9tais en col\u00e8re et je me suis toujours demand\u00e9 pourquoi\u00a0\u00bb, confie Kieran. Malgr\u00e9 le choc, le jeune homme et ses proches refusent de baisser les bras.<\/p>\n<p>En juin 2025, les examens r\u00e9v\u00e8lent que la tumeur a recommenc\u00e9 \u00e0 cro\u00eetre. Face \u00e0 cette nouvelle \u00e9preuve, Kieran, sa famille et ses amis ont organis\u00e9 une collecte de fonds qui a permis de r\u00e9unir plus de 52 000 livres sterling. Ces fonds sont destin\u00e9s \u00e0 The Brain Tumour Charity et \u00e0 financer des th\u00e9rapies alternatives \u00e0 domicile, notamment une machine \u00e0 oxyg\u00e8ne et des s\u00e9ances de luminoth\u00e9rapie rouge.<\/p>\n<p>\u00ab\u00a0Je n&rsquo;aurais pas pu traverser ces derni\u00e8res ann\u00e9es sans le soutien de mes amis et de ma famille mais surtout de ma m\u00e8re et d&rsquo;Abbie. Ils ont toujours fait en sorte de me faire passer avant eux-m\u00eames et je serai toujours si reconnaissant\u00a0\u00bb, d\u00e9clare Kieran avec \u00e9motion.<\/p>\n<p>L&rsquo;astrocytome de grade 3 : une tumeur c\u00e9r\u00e9brale rare et agressive<\/p>\n<p>L&rsquo;astrocytome de grade 3, \u00e9galement appel\u00e9 astrocytome anaplasique, est une tumeur maligne du syst\u00e8me nerveux central qui se d\u00e9veloppe \u00e0 partir des astrocytes, cellules de soutien du cerveau. Caract\u00e9ris\u00e9e par une croissance rapide, cette pathologie peut \u00e9voluer vers un glioblastome, le grade le plus \u00e9lev\u00e9 des tumeurs c\u00e9r\u00e9brales.<\/p>\n<p>Cette maladie touche principalement les adultes <a data-i13n=\"cpos:1;pos:1\" href=\"https:\/\/fr.wikipedia.org\/wiki\/Astrocytome_anaplasique#:~:text=le%20plus%20souvent%20entre%2040%20et%2060%20ans\" rel=\"nofollow noopener\" target=\"_blank\" data-ylk=\"slk:entre 40 et 60 ans;cpos:1;pos:1;elm:context_link;itc:0;sec:content-canvas\" class=\"link \">entre 40 et 60 ans<\/a>, avec une pr\u00e9dominance masculine. Dans le monde, les gliomes repr\u00e9sentent environ 30 % des tumeurs c\u00e9r\u00e9brales primaires de l&rsquo;adulte. En France, l&rsquo;incidence annuelle est estim\u00e9e \u00e0 <a data-i13n=\"cpos:2;pos:1\" href=\"https:\/\/www.arcagy.org\/infocancer\/localisations\/tumeurs-cerebrales\/formes-de-la-maladie\/les-gliomes.html\/\" rel=\"nofollow noopener\" target=\"_blank\" data-ylk=\"slk:3 \u00e0 4 cas pour 100 000 habitants;cpos:2;pos:1;elm:context_link;itc:0;sec:content-canvas\" class=\"link \">3 \u00e0 4 cas pour 100 000 habitants<\/a>, soit pr\u00e8s de 2 000 \u00e0 2 500 nouveaux cas par an.<\/p>\n<p>Le traitement repose sur une approche multimodale qui associe chirurgie (ex\u00e9r\u00e8se maximale de la tumeur), radioth\u00e9rapie et chimioth\u00e9rapie. La prise en charge est n\u00e9cessairement multidisciplinaire : elle implique neurochirurgiens, oncologues, radioth\u00e9rapeutes et neurologues. En France, les centres sp\u00e9cialis\u00e9s utilisent des techniques avanc\u00e9es comme l&rsquo;<a data-i13n=\"cpos:3;pos:1\" href=\"https:\/\/neurochirurgie-pitie-salpetriere.fr\/offre-de-soins\/chirurgie-des-gliomes\/\" rel=\"nofollow noopener\" target=\"_blank\" data-ylk=\"slk:IRM perop\u00e9ratoire;cpos:3;pos:1;elm:context_link;itc:0;sec:content-canvas\" class=\"link \">IRM perop\u00e9ratoire<\/a> et la navigation chirurgicale pour optimiser les r\u00e9sultats.<\/p>\n<p>Le pronostic reste malheureusement r\u00e9serv\u00e9 avec une m\u00e9diane de survie d&rsquo;environ trois ans, variable selon l&rsquo;\u00e2ge, le statut mol\u00e9culaire de la tumeur et la qualit\u00e9 de l&rsquo;ex\u00e9r\u00e8se chirurgicale. Face \u00e0 des sympt\u00f4mes neurologiques persistants, m\u00eame apparemment b\u00e9nins, la consultation rapide d&rsquo;un sp\u00e9cialiste peut faire la diff\u00e9rence.<\/p>\n","protected":false},"excerpt":{"rendered":"Kieran Shingler menait une vie active \u00e0 Warrington, en Angleterre. Chauffeur de poids lourd, sportif accompli pr\u00e9parant un&hellip;\n","protected":false},"author":2,"featured_media":312072,"comment_status":"","ping_status":"","sticky":false,"template":"","format":"standard","meta":{"footnotes":""},"categories":[10],"tags":[1764,45190,1011,27,72,45189,45191,71,45192,19107,28399,45193,45188],"class_list":{"0":"post-312071","1":"post","2":"type-post","3":"status-publish","4":"format-standard","5":"has-post-thumbnail","7":"category-sante","8":"tag-ans","9":"tag-astrocytome-anaplasique","10":"tag-fr","11":"tag-france","12":"tag-health","13":"tag-kieran","14":"tag-responsable-de-communication","15":"tag-sante","16":"tag-shingler","17":"tag-tumeur","18":"tag-tumeur-au-cerveau","19":"tag-ventricules-du-cerveau","20":"tag-walton-centre"},"share_on_mastodon":{"url":"https:\/\/pubeurope.com\/@fr\/115011284143444525","error":""},"_links":{"self":[{"href":"https:\/\/www.europesays.com\/fr\/wp-json\/wp\/v2\/posts\/312071","targetHints":{"allow":["GET"]}}],"collection":[{"href":"https:\/\/www.europesays.com\/fr\/wp-json\/wp\/v2\/posts"}],"about":[{"href":"https:\/\/www.europesays.com\/fr\/wp-json\/wp\/v2\/types\/post"}],"author":[{"embeddable":true,"href":"https:\/\/www.europesays.com\/fr\/wp-json\/wp\/v2\/users\/2"}],"replies":[{"embeddable":true,"href":"https:\/\/www.europesays.com\/fr\/wp-json\/wp\/v2\/comments?post=312071"}],"version-history":[{"count":0,"href":"https:\/\/www.europesays.com\/fr\/wp-json\/wp\/v2\/posts\/312071\/revisions"}],"wp:featuredmedia":[{"embeddable":true,"href":"https:\/\/www.europesays.com\/fr\/wp-json\/wp\/v2\/media\/312072"}],"wp:attachment":[{"href":"https:\/\/www.europesays.com\/fr\/wp-json\/wp\/v2\/media?parent=312071"}],"wp:term":[{"taxonomy":"category","embeddable":true,"href":"https:\/\/www.europesays.com\/fr\/wp-json\/wp\/v2\/categories?post=312071"},{"taxonomy":"post_tag","embeddable":true,"href":"https:\/\/www.europesays.com\/fr\/wp-json\/wp\/v2\/tags?post=312071"}],"curies":[{"name":"wp","href":"https:\/\/api.w.org\/{rel}","templated":true}]}}