{"id":312080,"date":"2025-08-11T17:25:11","date_gmt":"2025-08-11T17:25:11","guid":{"rendered":"https:\/\/www.europesays.com\/fr\/312080\/"},"modified":"2025-08-11T17:25:11","modified_gmt":"2025-08-11T17:25:11","slug":"pousse-sur-les-rails-il-remonte-seul-sur-le-quai-juste-avant-le-passage-du-metro","status":"publish","type":"post","link":"https:\/\/www.europesays.com\/fr\/312080\/","title":{"rendered":"Pouss\u00e9 sur les rails, il remonte seul sur le quai juste avant le passage du m\u00e9tro"},"content":{"rendered":"<p>Une potentielle tentative de <a href=\"https:\/\/www.20minutes.fr\/dossier\/meurtre\" class=\"color-ultramarine c-link\" rel=\"nofollow noopener\" target=\"_blank\">meurtre<\/a> est survenue ce samedi\u00a0dans le <a href=\"https:\/\/www.20minutes.fr\/dossier\/metro\" class=\"color-ultramarine c-link\" rel=\"nofollow noopener\" target=\"_blank\">m\u00e9tro<\/a> de <a href=\"https:\/\/www.20minutes.fr\/dossier\/new_york\" class=\"color-ultramarine c-link\" rel=\"nofollow noopener\" target=\"_blank\">New York<\/a> (<a href=\"https:\/\/www.20minutes.fr\/monde\/etats-unis\/\" class=\"color-ultramarine c-link\" rel=\"nofollow noopener\" target=\"_blank\">\u00c9tats-Unis<\/a>). Un homme de 44 ans a \u00e9t\u00e9 pouss\u00e9 sur les <a href=\"https:\/\/www.20minutes.fr\/dossier\/rail\" class=\"color-ultramarine c-link\" rel=\"nofollow noopener\" target=\"_blank\">rails<\/a> par son agresseur, mais a heureusement r\u00e9ussi \u00e0 \u00e9viter la <a href=\"https:\/\/www.20minutes.fr\/dossier\/collision\" class=\"color-ultramarine c-link\" rel=\"nofollow noopener\" target=\"_blank\">collision<\/a> avec le train qui arrivait en gare, rapporte\u00a0<a href=\"https:\/\/abc7ny.com\/post\/man-injured-being-pushed-subway-tracks-midtown-police-searching-suspect\/17487044\/\" target=\"_blank\" class=\"color-ultramarine c-link\" rel=\"nofollow noopener\">ABC7<\/a>.<\/p>\n<p>Les faits se sont produits dans la soir\u00e9e \u00e0 une station de <a href=\"https:\/\/www.20minutes.fr\/dossier\/manhattan\" class=\"color-ultramarine c-link\" rel=\"nofollow noopener\" target=\"_blank\">Manhattan<\/a>. Pour une raison encore inconnue, le quadrag\u00e9naire a \u00e9t\u00e9 pouss\u00e9 par le suspect et a chut\u00e9 sur les rails. Bless\u00e9, il a r\u00e9ussi \u00e0 remonter sur le quai par ses propres moyens, avec l\u2019aide de plusieurs t\u00e9moins, juste avant le passage d\u2019un <a href=\"https:\/\/www.20minutes.fr\/dossier\/train\" class=\"color-ultramarine c-link\" rel=\"nofollow noopener\" target=\"_blank\">train<\/a> en gare.<\/p>\n<p>L\u2019agresseur recherch\u00e9 par la police<\/p>\n<p>La victime a \u00e9t\u00e9 prise en charge par les secours. Bless\u00e9e au visage et \u00e0 la jambe, elle a \u00e9t\u00e9 plac\u00e9e sur une civi\u00e8re, sortie du m\u00e9tro et transport\u00e9e en ambulance jusqu\u2019\u00e0 l\u2019h\u00f4pital. Son \u00e9tat est stable et ses jours ne sont pas en danger.<\/p>\n<\/p>\n<p>Selon les premiers \u00e9l\u00e9ments de l\u2019enqu\u00eate ouverte par la police, le suspect est un homme d\u2019environ 1,80 m qui portait un haut blanc, un short noir et un sac \u00e0 dos noir au moment des faits, pr\u00e9cise le <a href=\"https:\/\/nypost.com\/2025\/08\/09\/us-news\/man-pushed-onto-train-tracks-at-midtown-subway-station-nypd\/\" target=\"_blank\" class=\"color-ultramarine c-link\" rel=\"nofollow noopener\">New York Post<\/a>. Selon des t\u00e9moins, le suspect parlait seul avant de s\u2019approcher de la victime pour la pousser. Il a pris la fuite et est toujours recherch\u00e9 \u00e0 ce jour.<\/p>\n","protected":false},"excerpt":{"rendered":"Une potentielle tentative de meurtre est survenue ce samedi\u00a0dans le m\u00e9tro de New York (\u00c9tats-Unis). Un homme de&hellip;\n","protected":false},"author":2,"featured_media":312081,"comment_status":"","ping_status":"","sticky":false,"template":"","format":"standard","meta":{"footnotes":""},"categories":[5],"tags":[47,11,1120,73,1011,27,14,4047,74,415,12,1072,6820,926,28],"class_list":{"0":"post-312080","1":"post","2":"type-post","3":"status-publish","4":"format-standard","5":"has-post-thumbnail","7":"category-international","8":"tag-actualite","9":"tag-actualites","10":"tag-agression","11":"tag-etats-unis","12":"tag-fr","13":"tag-france","14":"tag-international","15":"tag-metro","16":"tag-monde","17":"tag-new-york","18":"tag-news","19":"tag-police","20":"tag-rail","21":"tag-train","22":"tag-world"},"share_on_mastodon":{"url":"https:\/\/pubeurope.com\/@fr\/115011303756623154","error":""},"_links":{"self":[{"href":"https:\/\/www.europesays.com\/fr\/wp-json\/wp\/v2\/posts\/312080","targetHints":{"allow":["GET"]}}],"collection":[{"href":"https:\/\/www.europesays.com\/fr\/wp-json\/wp\/v2\/posts"}],"about":[{"href":"https:\/\/www.europesays.com\/fr\/wp-json\/wp\/v2\/types\/post"}],"author":[{"embeddable":true,"href":"https:\/\/www.europesays.com\/fr\/wp-json\/wp\/v2\/users\/2"}],"replies":[{"embeddable":true,"href":"https:\/\/www.europesays.com\/fr\/wp-json\/wp\/v2\/comments?post=312080"}],"version-history":[{"count":0,"href":"https:\/\/www.europesays.com\/fr\/wp-json\/wp\/v2\/posts\/312080\/revisions"}],"wp:featuredmedia":[{"embeddable":true,"href":"https:\/\/www.europesays.com\/fr\/wp-json\/wp\/v2\/media\/312081"}],"wp:attachment":[{"href":"https:\/\/www.europesays.com\/fr\/wp-json\/wp\/v2\/media?parent=312080"}],"wp:term":[{"taxonomy":"category","embeddable":true,"href":"https:\/\/www.europesays.com\/fr\/wp-json\/wp\/v2\/categories?post=312080"},{"taxonomy":"post_tag","embeddable":true,"href":"https:\/\/www.europesays.com\/fr\/wp-json\/wp\/v2\/tags?post=312080"}],"curies":[{"name":"wp","href":"https:\/\/api.w.org\/{rel}","templated":true}]}}