{"id":312084,"date":"2025-08-11T17:27:11","date_gmt":"2025-08-11T17:27:11","guid":{"rendered":"https:\/\/www.europesays.com\/fr\/312084\/"},"modified":"2025-08-11T17:27:11","modified_gmt":"2025-08-11T17:27:11","slug":"donald-trump-deploie-la-garde-nationale-a-washington-liberation","status":"publish","type":"post","link":"https:\/\/www.europesays.com\/fr\/312084\/","title":{"rendered":"Donald Trump d\u00e9ploie la garde nationale \u00e0 Washington \u2013 Lib\u00e9ration"},"content":{"rendered":"<p class=\"sc-ksZaOG ehjQrN text-element\">Donald Trump a annonc\u00e9 une \u00abaction historique\u00bb pour \u00abreprendre la capitale\u00bb avec le d\u00e9ploiement de la garde nationale. Lors d\u2019une conf\u00e9rence de presse ce lundi 11 ao\u00fbt, le <a href=\"https:\/\/www.liberation.fr\/international\/amerique\/elle-est-tres-intelligente-linfluence-croissante-de-melania-sur-donald-trump-20250809_OATHVF7RJ5HTBGPQISX2VPJH7A\/?redirected=1\" target=\"_blank\" rel=\"nofollow noopener\" title=\"https:\/\/www.liberation.fr\/international\/amerique\/elle-est-tres-intelligente-linfluence-croissante-de-melania-sur-donald-trump-20250809_OATHVF7RJ5HTBGPQISX2VPJH7A\/?redirected=1\">pr\u00e9sident am\u00e9ricain<\/a> a d\u00e9taill\u00e9 son plan pour rendre la ville de Washington \u00abplus s\u00fbre et plus belle qu\u2019elle ne l\u2019a jamais \u00e9t\u00e9\u00bb. Dans son viseur : les sans-abri et les criminels. Plus t\u00f4t ce lundi, il s\u2019\u00e9tait fendu d\u2019un message sur son r\u00e9seau <a href=\"https:\/\/truthsocial.com\/@realDonaldTrump\/posts\/115010061198729847\" target=\"_blank\" rel=\"nofollow noopener\" title=\"https:\/\/truthsocial.com\/@realDonaldTrump\/posts\/115010061198729847\">Truth Social<\/a>, assurant que la ville, \u00abenvahie par des gangs violents\u00bb, serait \u00abLIBEREE aujourd\u2019hui\u00bb.<\/p>\n<p class=\"sc-ksZaOG ehjQrN text-element\">Alors que les statistiques officielles montrent une baisse de la criminalit\u00e9 violente \u00e0 Washington, le pr\u00e9sident am\u00e9ricain a d\u00e9clar\u00e9 invoquer une mesure qui l\u2019autorise \u00e0 prendre le contr\u00f4le de la police de cette ville au statut particulier aux Etats-Unis. <\/p>\n<p class=\"sc-ksZaOG ehjQrN text-element\"><a href=\"https:\/\/www.liberation.fr\/international\/amerique\/le-reboulonnage-dune-statue-confederee-a-washington-symbole-de-la-prise-de-controle-de-trump-sur-lhistoire-americaine-20250807_34PJCDXBV5HMVED4HKRVGGAZXI\/\" target=\"_blank\" rel=\"nofollow noopener\" title=\"https:\/\/www.liberation.fr\/international\/amerique\/le-reboulonnage-dune-statue-confederee-a-washington-symbole-de-la-prise-de-controle-de-trump-sur-lhistoire-americaine-20250807_34PJCDXBV5HMVED4HKRVGGAZXI\/\">Le pr\u00e9sident am\u00e9ricain <\/a>a justifi\u00e9 son projet au moyen de nombreux graphiques cens\u00e9s montrer que le taux de criminalit\u00e9 \u00e0 Washington serait pire que celui d\u2019un certain nombre de villes \u00e0 travers le monde, telles que Bagdad, Bras\u00edlia, Bogot\u00e1 ou encore Panama City. \u00abNotre capitale a \u00e9t\u00e9 envahie par des gangs violents et des criminels assoiff\u00e9s de sang, des bandes errantes de jeunes sauvages, des maniaques drogu\u00e9s et des sans-abri, et nous n\u2019allons plus laisser cela se reproduire\u00bb, a-t-il assur\u00e9. Les statistiques officielles montrent pourtant une baisse de la criminalit\u00e9 violente \u00e0 Washington.<\/p>\n<p class=\"sc-ksZaOG ehjQrN text-element\">\u00abC\u2019est devenu une situation d\u2019anarchie compl\u00e8te et totale, et nous allons nous d\u00e9barrasser des bidonvilles\u00bb, a pourtant affirm\u00e9 ce lundi Donald Trump lors d\u2019une conf\u00e9rence de presse \u00e0 la Maison Blanche, apr\u00e8s avoir somm\u00e9 les sans-abri de Washington de partir \u00abloin\u00bb de la ville dans une publication la veille sur sa plateforme Truth Social.<\/p>\n<p class=\"sc-ksZaOG ehjQrN text-element\">Selon des articles du New York Times et du Washington Post, l\u2019<a href=\"https:\/\/www.theguardian.com\/us-news\/trump-administration\" target=\"_blank\" rel=\"nofollow noopener\">administration Trump<\/a> pr\u00e9voit de r\u00e9affecter des agents du FBI pour aider aux patrouilles de nuit \u00e0 Washington et aider les forces de l\u2019ordre locales \u00e0 lutter contre la criminalit\u00e9 de rue. Des sources, s\u2019exprimant sous couvert d\u2019anonymat, ont d\u00e9clar\u00e9 au Times que la plupart des agents seront retir\u00e9s de leurs fonctions habituelles au bureau ext\u00e9rieur du FBI \u00e0 Washington.<\/p>\n<p class=\"sc-ksZaOG ehjQrN text-element\">Le locataire de la Maison Blanche le promet, son initiative ne s\u2019arr\u00eatera pas \u00e0 Washington, o\u00f9 il a d\u00e9cr\u00e9t\u00e9 un \u00e9tat d\u2019urgence. \u00ab\u00c7a va aller plus loin. Nous commen\u00e7ons de mani\u00e8re tr\u00e8s forte \u00e0 (Washington) et nous allons nettoyer \u00e7a bien rapidement\u00bb, a-t-il affirm\u00e9. <\/p>\n<p class=\"sc-ksZaOG ehjQrN text-element\">Il avait d\u00e9j\u00e0 <a href=\"https:\/\/www.liberation.fr\/international\/amerique\/manifestations-a-los-angeles-le-deploiement-de-la-garde-nationale-juge-illegal-trump-fait-appel-20250613_LG3INHZLDNDNVKM26I4FFJ3MTM\/\" target=\"_blank\" rel=\"nofollow noopener\" title=\"https:\/\/www.liberation.fr\/international\/amerique\/manifestations-a-los-angeles-le-deploiement-de-la-garde-nationale-juge-illegal-trump-fait-appel-20250613_LG3INHZLDNDNVKM26I4FFJ3MTM\/\">mobilis\u00e9 en juin la Garde nationale en Californie<\/a>, contre l\u2019avis du gouverneur d\u00e9mocrate, Gavin Newsom, affirmant vouloir ainsi r\u00e9tablir l\u2019ordre \u00e0 Los Angeles apr\u00e8s des manifestations contre des arrestations d\u2019immigr\u00e9s par la police f\u00e9d\u00e9rale de l\u2019immigration (ICE).<\/p>\n<p class=\"sc-ksZaOG ehjQrN text-element\">A l\u2019inverse des 50 Etats am\u00e9ricains, la municipalit\u00e9 de Washington op\u00e8re dans le cadre d\u2019une relation particuli\u00e8re avec l\u2019Etat f\u00e9d\u00e9ral qui limite son autonomie.<\/p>\n","protected":false},"excerpt":{"rendered":"Donald Trump a annonc\u00e9 une \u00abaction historique\u00bb pour \u00abreprendre la capitale\u00bb avec le d\u00e9ploiement de la garde nationale.&hellip;\n","protected":false},"author":2,"featured_media":312085,"comment_status":"","ping_status":"","sticky":false,"template":"","format":"standard","meta":{"footnotes":""},"categories":[2],"tags":[11,75,73,1011,27,12],"class_list":{"0":"post-312084","1":"post","2":"type-post","3":"status-publish","4":"format-standard","5":"has-post-thumbnail","7":"category-actualites","8":"tag-actualites","9":"tag-donald-trump","10":"tag-etats-unis","11":"tag-fr","12":"tag-france","13":"tag-news"},"share_on_mastodon":{"url":"https:\/\/pubeurope.com\/@fr\/115011311566566826","error":""},"_links":{"self":[{"href":"https:\/\/www.europesays.com\/fr\/wp-json\/wp\/v2\/posts\/312084","targetHints":{"allow":["GET"]}}],"collection":[{"href":"https:\/\/www.europesays.com\/fr\/wp-json\/wp\/v2\/posts"}],"about":[{"href":"https:\/\/www.europesays.com\/fr\/wp-json\/wp\/v2\/types\/post"}],"author":[{"embeddable":true,"href":"https:\/\/www.europesays.com\/fr\/wp-json\/wp\/v2\/users\/2"}],"replies":[{"embeddable":true,"href":"https:\/\/www.europesays.com\/fr\/wp-json\/wp\/v2\/comments?post=312084"}],"version-history":[{"count":0,"href":"https:\/\/www.europesays.com\/fr\/wp-json\/wp\/v2\/posts\/312084\/revisions"}],"wp:featuredmedia":[{"embeddable":true,"href":"https:\/\/www.europesays.com\/fr\/wp-json\/wp\/v2\/media\/312085"}],"wp:attachment":[{"href":"https:\/\/www.europesays.com\/fr\/wp-json\/wp\/v2\/media?parent=312084"}],"wp:term":[{"taxonomy":"category","embeddable":true,"href":"https:\/\/www.europesays.com\/fr\/wp-json\/wp\/v2\/categories?post=312084"},{"taxonomy":"post_tag","embeddable":true,"href":"https:\/\/www.europesays.com\/fr\/wp-json\/wp\/v2\/tags?post=312084"}],"curies":[{"name":"wp","href":"https:\/\/api.w.org\/{rel}","templated":true}]}}