{"id":312090,"date":"2025-08-11T17:30:21","date_gmt":"2025-08-11T17:30:21","guid":{"rendered":"https:\/\/www.europesays.com\/fr\/312090\/"},"modified":"2025-08-11T17:30:21","modified_gmt":"2025-08-11T17:30:21","slug":"nancy-ivre-ce-jeune-chauffard-roule-a-140-km-h-dans-une-rue-limitee-a-50-au-volant-dune-voiture-volee","status":"publish","type":"post","link":"https:\/\/www.europesays.com\/fr\/312090\/","title":{"rendered":"Nancy. Ivre, ce jeune chauffard roule \u00e0 140 km\/h dans une rue limit\u00e9e \u00e0 50, au volant d\u2019une\u00a0voiture\u00a0vol\u00e9e"},"content":{"rendered":"<p>            Par<br \/>\n        <strong><br \/>\n            <a href=\"https:\/\/actu.fr\/auteur\/pierre-emile-bouchy-actu-fr\" title=\"Consulter tous les articles de Paul-Emile Bouchy\" target=\"_blank\" rel=\"noopener\">Paul-Emile Bouchy<\/a><br \/>\n        <\/strong><\/p>\n<p>        Publi\u00e9 le<\/p>\n<p>            11 ao\u00fbt 2025 \u00e0 17h51        <\/p>\n<p>Dans la nuit du samedi 9 au dimanche 10 ao\u00fbt, la <a href=\"https:\/\/actu.fr\/tag\/police\" target=\"_blank\" rel=\"noopener\">police<\/a> a interpell\u00e9 un conducteur de 25 ans pour un important <a href=\"https:\/\/actu.fr\/tag\/exces-de-vitesse\" target=\"_blank\" rel=\"noopener\">exc\u00e8s de vitesse<\/a> \u00e0 <a href=\"https:\/\/actu.fr\/grand-est\/nancy_54395\" target=\"_blank\" rel=\"noopener\">Nancy<\/a> : il roulait <strong>\u00e0 plus de 140 km\/h<\/strong> <strong>dans une rue limit\u00e9e \u00e0 50 km\/h<\/strong>.<\/p>\n<p class=\" wall-content\">Lors du contr\u00f4le, les forces de l\u2019ordre ont remarqu\u00e9 qu\u2019il \u00e9tait <strong>coupable de nombreux autres d\u00e9lits<\/strong>.<\/p>\n<p>Le conducteur positif \u00e0 l\u2019alcool et \u00e0 la coca\u00efne<\/p>\n<p class=\" wall-content\">Le conducteur a \u00e9t\u00e9 interpell\u00e9 route de Mirecourt avec <strong>une vitesse retenue par la police \u00e0 137 km\/h<\/strong>.<\/p>\n<p class=\" wall-content\">Test\u00e9, le conducteur est contr\u00f4l\u00e9 positif \u00e0 l\u2019<a href=\"https:\/\/actu.fr\/tag\/alcool\" target=\"_blank\" rel=\"noopener\">alcool<\/a> (1,03 g\/L de sang) et \u00e0 la <a href=\"https:\/\/actu.fr\/tag\/cocaine\" target=\"_blank\" rel=\"noopener\">coca\u00efne<\/a>.<\/p>\n<p>Au volant d\u2019une voiture vol\u00e9e<\/p>\n<p class=\" wall-content\">L\u2019homme de 25 ans, originaire de Jarville et connu des services de police, a \u00e9t\u00e9 plac\u00e9 en garde \u00e0 vue.<\/p>\n<p class=\" wall-content\">En investiguant, la police d\u00e9couvre que le v\u00e9hicule ne lui appartient pas et qu\u2019<strong>il l\u2019aurait vol\u00e9 dans la soir\u00e9e<\/strong>. Le suspect serait aussi <strong>impliqu\u00e9 dans un cambriolage<\/strong> commis \u00e0 Void-Vacon (Meuse). Lors de son audition, le conducteur n\u2019a pas reconnu ces faits indiquant qu\u2019il avait seulement emprunt\u00e9 la voiture.<\/p>\n<p class=\" wall-content\">Il sera pr\u00e9sent\u00e9 ce mardi matin en comparution sur reconnaissance pr\u00e9alable de culpabilit\u00e9.<\/p>\n<p class=\" wall-content\">Suivez toute l\u2019actualit\u00e9 de vos villes et m\u00e9dias favoris en vous inscrivant \u00e0 <a href=\"https:\/\/moncompte.actu.fr\" title=\"D\u00e9couvez Mon Actu\" rel=\"nofollow noopener\" data-trk=\"{&quot;cta&quot;:{&quot;action&quot;:&quot;https:\\\/\\\/moncompte.actu.fr&quot;,&quot;category&quot;:&quot;mon compte&quot;,&quot;from&quot;:&quot;article footer&quot;,&quot;name&quot;:&quot;Mon actu&quot;,&quot;type&quot;:&quot;cta&quot;}}\" target=\"_blank\">Mon Actu<\/a>.<\/p>\n","protected":false},"excerpt":{"rendered":"Par Paul-Emile Bouchy Publi\u00e9 le 11 ao\u00fbt 2025 \u00e0 17h51 Dans la nuit du samedi 9 au dimanche&hellip;\n","protected":false},"author":2,"featured_media":26108,"comment_status":"","ping_status":"","sticky":false,"template":"","format":"standard","meta":{"footnotes":""},"categories":[9635],"tags":[1111,11,1777,674,5915,118,1011,27,775,303,1702,12,1072,25],"class_list":{"0":"post-312090","1":"post","2":"type-post","3":"status-publish","4":"format-standard","5":"has-post-thumbnail","7":"category-nancy","8":"tag-actu","9":"tag-actualites","10":"tag-eu","11":"tag-europe","12":"tag-exces-de-vitesse","13":"tag-faits-divers","14":"tag-fr","15":"tag-france","16":"tag-grand-est","17":"tag-justice","18":"tag-nancy","19":"tag-news","20":"tag-police","21":"tag-republique-francaise"},"share_on_mastodon":{"url":"https:\/\/pubeurope.com\/@fr\/115011323412534563","error":""},"_links":{"self":[{"href":"https:\/\/www.europesays.com\/fr\/wp-json\/wp\/v2\/posts\/312090","targetHints":{"allow":["GET"]}}],"collection":[{"href":"https:\/\/www.europesays.com\/fr\/wp-json\/wp\/v2\/posts"}],"about":[{"href":"https:\/\/www.europesays.com\/fr\/wp-json\/wp\/v2\/types\/post"}],"author":[{"embeddable":true,"href":"https:\/\/www.europesays.com\/fr\/wp-json\/wp\/v2\/users\/2"}],"replies":[{"embeddable":true,"href":"https:\/\/www.europesays.com\/fr\/wp-json\/wp\/v2\/comments?post=312090"}],"version-history":[{"count":0,"href":"https:\/\/www.europesays.com\/fr\/wp-json\/wp\/v2\/posts\/312090\/revisions"}],"wp:featuredmedia":[{"embeddable":true,"href":"https:\/\/www.europesays.com\/fr\/wp-json\/wp\/v2\/media\/26108"}],"wp:attachment":[{"href":"https:\/\/www.europesays.com\/fr\/wp-json\/wp\/v2\/media?parent=312090"}],"wp:term":[{"taxonomy":"category","embeddable":true,"href":"https:\/\/www.europesays.com\/fr\/wp-json\/wp\/v2\/categories?post=312090"},{"taxonomy":"post_tag","embeddable":true,"href":"https:\/\/www.europesays.com\/fr\/wp-json\/wp\/v2\/tags?post=312090"}],"curies":[{"name":"wp","href":"https:\/\/api.w.org\/{rel}","templated":true}]}}