{"id":312091,"date":"2025-08-11T17:31:13","date_gmt":"2025-08-11T17:31:13","guid":{"rendered":"https:\/\/www.europesays.com\/fr\/312091\/"},"modified":"2025-08-11T17:31:13","modified_gmt":"2025-08-11T17:31:13","slug":"la-famille-dun-detenu-retrouve-pendu-porte-plainte-pour-homicide","status":"publish","type":"post","link":"https:\/\/www.europesays.com\/fr\/312091\/","title":{"rendered":"la famille d\u2019un d\u00e9tenu retrouv\u00e9 pendu porte plainte pour \u00abhomicide\u00bb"},"content":{"rendered":"<p>Le d\u00e9tenu avait \u00e9t\u00e9 condamn\u00e9 \u00e0 un an de prison ferme pour des faits de violence avec arme sur un agent municipal.<\/p>\n<p class=\"fig-paragraph\">La famille d&rsquo;un d\u00e9tenu qui avait \u00e9t\u00e9 retrouv\u00e9 pendu mardi \u00e0 la maison d&rsquo;arr\u00eat de\u00a0<a href=\"https:\/\/www.lefigaro.fr\/tag\/nancy\" target=\"_blank\" rel=\"sponsored noopener\" data-gtm-custom-categorie=\"navigation\" data-gtm-custom-action=\"crossclick\" data-gtm-custom-label=\"Contextuel\" data-gtm-event=\"customEventSPE\">Nancy\u00a0<\/a>a d\u00e9pos\u00e9 plainte contre X pour \u00abhomicide\u00bb, a-t-on appris lundi aupr\u00e8s de son avocate, confirmant une information de L&rsquo;Est R\u00e9publicain.<\/p>\n<p class=\"fig-paragraph\">Me Samira Boudiba a \u00ab\u00e9galement saisi le contr\u00f4leur g\u00e9n\u00e9ral des prisons et des lieux de privation de libert\u00e9\u00bb. Son client \u00abattendait son audience en appel le 20 ao\u00fbt. Il ne me paraissait pas en souffrance psychologique\u00bb, a-t-elle affirm\u00e9 aupr\u00e8s de l&rsquo;AFP.<\/p>\n<p>                                    <a class=\"fig-a11y-skip a11y-hidden\" href=\"#fig-a11y-skip-main-inarticle\"><br \/>\n        Passer la publicit\u00e9<br \/>\n    <\/a><\/p>\n<p class=\"fig-paragraph\">Selon le journal local, l&rsquo;homme, \u00e2g\u00e9 d&rsquo;une trentaine d&rsquo;ann\u00e9es, avait \u00e9t\u00e9 condamn\u00e9 \u00e0 un an de prison ferme pour des faits de violence avec arme sur un agent municipal et \u00e9tait incarc\u00e9r\u00e9 depuis fin avril. Le jour de son d\u00e9c\u00e8s, il aurait \u00e9t\u00e9 conduit dans la cellule disciplinaire o\u00f9 il s&rsquo;est pendu apr\u00e8s des incidents, selon L&rsquo;Est R\u00e9publicain.<\/p>\n","protected":false},"excerpt":{"rendered":"Le d\u00e9tenu avait \u00e9t\u00e9 condamn\u00e9 \u00e0 un an de prison ferme pour des faits de violence avec arme&hellip;\n","protected":false},"author":2,"featured_media":312092,"comment_status":"","ping_status":"","sticky":false,"template":"","format":"standard","meta":{"footnotes":""},"categories":[9635],"tags":[1111,11,17316,1777,674,1011,27,775,2683,1702,12,25],"class_list":{"0":"post-312091","1":"post","2":"type-post","3":"status-publish","4":"format-standard","5":"has-post-thumbnail","7":"category-nancy","8":"tag-actu","9":"tag-actualites","10":"tag-detenus","11":"tag-eu","12":"tag-europe","13":"tag-fr","14":"tag-france","15":"tag-grand-est","16":"tag-homicide","17":"tag-nancy","18":"tag-news","19":"tag-republique-francaise"},"share_on_mastodon":{"url":"https:\/\/pubeurope.com\/@fr\/115011327286744822","error":""},"_links":{"self":[{"href":"https:\/\/www.europesays.com\/fr\/wp-json\/wp\/v2\/posts\/312091","targetHints":{"allow":["GET"]}}],"collection":[{"href":"https:\/\/www.europesays.com\/fr\/wp-json\/wp\/v2\/posts"}],"about":[{"href":"https:\/\/www.europesays.com\/fr\/wp-json\/wp\/v2\/types\/post"}],"author":[{"embeddable":true,"href":"https:\/\/www.europesays.com\/fr\/wp-json\/wp\/v2\/users\/2"}],"replies":[{"embeddable":true,"href":"https:\/\/www.europesays.com\/fr\/wp-json\/wp\/v2\/comments?post=312091"}],"version-history":[{"count":0,"href":"https:\/\/www.europesays.com\/fr\/wp-json\/wp\/v2\/posts\/312091\/revisions"}],"wp:featuredmedia":[{"embeddable":true,"href":"https:\/\/www.europesays.com\/fr\/wp-json\/wp\/v2\/media\/312092"}],"wp:attachment":[{"href":"https:\/\/www.europesays.com\/fr\/wp-json\/wp\/v2\/media?parent=312091"}],"wp:term":[{"taxonomy":"category","embeddable":true,"href":"https:\/\/www.europesays.com\/fr\/wp-json\/wp\/v2\/categories?post=312091"},{"taxonomy":"post_tag","embeddable":true,"href":"https:\/\/www.europesays.com\/fr\/wp-json\/wp\/v2\/tags?post=312091"}],"curies":[{"name":"wp","href":"https:\/\/api.w.org\/{rel}","templated":true}]}}