{"id":312093,"date":"2025-08-11T17:33:11","date_gmt":"2025-08-11T17:33:11","guid":{"rendered":"https:\/\/www.europesays.com\/fr\/312093\/"},"modified":"2025-08-11T17:33:11","modified_gmt":"2025-08-11T17:33:11","slug":"toulon-samedi-16-aout-patricia-miralles-a-draguignan-pour-le-81eme-anniversaire-du-debarquement-en-provence","status":"publish","type":"post","link":"https:\/\/www.europesays.com\/fr\/312093\/","title":{"rendered":"TOULON : Samedi 16 ao\u00fbt, Patricia Miralles \u00e0 Draguignan pour le 81\u00e8me anniversaire du D\u00e9barquement en Provence"},"content":{"rendered":"<p><strong>D\u00e9placement de Patricia Miralles, ministre d\u00e9l\u00e9gu\u00e9e charg\u00e9e de la M\u00e9moire et des Anciens combattants, \u00e0 Draguignan, samedi 16 ao\u00fbt, \u00e0 l\u2019occasion du 81\u00e8me anniversaire du D\u00e9barquement de Provence.<\/strong><\/p>\n<p>Une premi\u00e8re s\u00e9quence se d\u00e9roulera au Monument de la R\u00e9sistance, place de la Paix \u00e0 partir de 10h45 et une autre au Rhone American Cemetery and Memorial \u00e0 partir de 11h30.<\/p>\n<p><strong>D\u00e9placement de Patricia Miralles \u00e0 Draguignan dans le Var (83) \u00e0 l\u2019occasion du 81 e anniversaire du d\u00e9barquement de Provence le samedi 16 ao\u00fbt 2025<\/strong><\/p>\n<p>Le samedi 16 ao\u00fbt 2025, Patricia Miralles, ministre d\u00e9l\u00e9gu\u00e9e charg\u00e9e de la M\u00e9moire et des Anciens combattants, pr\u00e9sidera les c\u00e9r\u00e9monies comm\u00e9morant la lib\u00e9ration de la ville de Draguignan en ao\u00fbt 1944.<br \/>Cette lib\u00e9ration s\u2019inscrit dans le cadre de l\u2019op\u00e9ration Dragoon, nom donn\u00e9 au d\u00e9barquement des forces alli\u00e9es en Provence. Lanc\u00e9e le 15 ao\u00fbt 1944, cette offensive militaire visait \u00e0 lib\u00e9rer le sud de la France en ouvrant un nouveau front contre l\u2019occupant nazi. Draguignan, alors centre administratif et militaire des forces allemandes dans le Var, repr\u00e9sentait un objectif strat\u00e9gique pour les Alli\u00e9s.<br \/>La R\u00e9sistance locale joua un r\u00f4le essentiel dans cette lib\u00e9ration, en sabotant les lignes ennemies et en transmettant des informations pr\u00e9cieuses aux troupes alli\u00e9es. Gr\u00e2ce \u00e0 cette coop\u00e9ration, Draguignan fut lib\u00e9r\u00e9e en quelques jours. Ce moment marque un tournant majeur dans la reconqu\u00eate du sud-est de la France.<br \/>La ministre pr\u00e9sidera une c\u00e9r\u00e9monie d\u2019hommage au monument de la R\u00e9sistance de Draguignan, en m\u00e9moire des r\u00e9sistants et des combattants de la Lib\u00e9ration.<br \/>Elle pr\u00e9sidera ensuite une c\u00e9r\u00e9monie au cimeti\u00e8re am\u00e9ricain. Le Rhone American Cemetery and Memorial, g\u00e9r\u00e9 par l\u2019American Battle Monuments Commission, abrite 861 tombes de soldats tomb\u00e9s pendant la campagne de Provence.<\/p>\n<p><strong>Programme pr\u00e9visionnel du samedi 16 ao\u00fbt 2025<\/strong><\/p>\n<p><strong>S\u00e9quence 1 : Monument de la R\u00e9sistance, Place de la Paix, Draguignan (83)<\/strong><\/p>\n<p>10h45 : arriv\u00e9e de Patricia Miralles<br \/>accueil r\u00e9publicain<br \/>discours de la ministre<br \/>d\u00e9p\u00f4t de gerbes<br \/>11h20 : fin de la c\u00e9r\u00e9monie<\/p>\n<p><strong>S\u00e9quence 2 : Rhone American Cemetery and Memorial, Draguignan (83)<\/strong><\/p>\n<p>11h30 : arriv\u00e9e de Patricia Miralles<br \/>allocution du g\u00e9n\u00e9ral am\u00e9ricain<br \/>allocution de Richard Strambio, maire de Draguignan<br \/>discours de Patricia Miralles<br \/>allocution du 1 er conseiller am\u00e9ricain<br \/>d\u00e9p\u00f4t de gerbes<br \/>\u00c0 l\u2019issue : micro-tendu<br \/>13h30 : d\u00e9part de Patricia Miralles.<\/p>\n","protected":false},"excerpt":{"rendered":"D\u00e9placement de Patricia Miralles, ministre d\u00e9l\u00e9gu\u00e9e charg\u00e9e de la M\u00e9moire et des Anciens combattants, \u00e0 Draguignan, samedi 16&hellip;\n","protected":false},"author":2,"featured_media":123432,"comment_status":"","ping_status":"","sticky":false,"template":"","format":"standard","meta":{"footnotes":""},"categories":[9619],"tags":[1111,11,1777,674,1011,27,12,882,25,2310],"class_list":{"0":"post-312093","1":"post","2":"type-post","3":"status-publish","4":"format-standard","5":"has-post-thumbnail","7":"category-toulon","8":"tag-actu","9":"tag-actualites","10":"tag-eu","11":"tag-europe","12":"tag-fr","13":"tag-france","14":"tag-news","15":"tag-provence-alpes-cote-dazur","16":"tag-republique-francaise","17":"tag-toulon"},"share_on_mastodon":{"url":"https:\/\/pubeurope.com\/@fr\/115011335158726743","error":""},"_links":{"self":[{"href":"https:\/\/www.europesays.com\/fr\/wp-json\/wp\/v2\/posts\/312093","targetHints":{"allow":["GET"]}}],"collection":[{"href":"https:\/\/www.europesays.com\/fr\/wp-json\/wp\/v2\/posts"}],"about":[{"href":"https:\/\/www.europesays.com\/fr\/wp-json\/wp\/v2\/types\/post"}],"author":[{"embeddable":true,"href":"https:\/\/www.europesays.com\/fr\/wp-json\/wp\/v2\/users\/2"}],"replies":[{"embeddable":true,"href":"https:\/\/www.europesays.com\/fr\/wp-json\/wp\/v2\/comments?post=312093"}],"version-history":[{"count":0,"href":"https:\/\/www.europesays.com\/fr\/wp-json\/wp\/v2\/posts\/312093\/revisions"}],"wp:featuredmedia":[{"embeddable":true,"href":"https:\/\/www.europesays.com\/fr\/wp-json\/wp\/v2\/media\/123432"}],"wp:attachment":[{"href":"https:\/\/www.europesays.com\/fr\/wp-json\/wp\/v2\/media?parent=312093"}],"wp:term":[{"taxonomy":"category","embeddable":true,"href":"https:\/\/www.europesays.com\/fr\/wp-json\/wp\/v2\/categories?post=312093"},{"taxonomy":"post_tag","embeddable":true,"href":"https:\/\/www.europesays.com\/fr\/wp-json\/wp\/v2\/tags?post=312093"}],"curies":[{"name":"wp","href":"https:\/\/api.w.org\/{rel}","templated":true}]}}