{"id":312094,"date":"2025-08-11T17:34:13","date_gmt":"2025-08-11T17:34:13","guid":{"rendered":"https:\/\/www.europesays.com\/fr\/312094\/"},"modified":"2025-08-11T17:34:13","modified_gmt":"2025-08-11T17:34:13","slug":"seguret-rendez-vous-litteraire-sous-les-arceaux","status":"publish","type":"post","link":"https:\/\/www.europesays.com\/fr\/312094\/","title":{"rendered":"S\u00e9guret. Rendez-vous litt\u00e9raire sous les Arceaux"},"content":{"rendered":"<p>Comme chaque ann\u00e9e, lundi 15\u00a0ao\u00fbt, de 10\u00a0h \u00e0 19\u00a0h, la place des Arceaux, au c\u0153ur du village, se transforme en havre de mots et d\u2019histoires, pour les amoureux des livres. Sous l\u2019ombre accueillante d\u2019une tonnelle v\u00e9g\u00e9tale, le march\u00e9 du livre ancien et d\u2019occasion revient avec ses \u00e9tals foisonnants. Romans, polars, r\u00e9cits historiques, biographies, ouvrages jeunesse ou formats poche\u00a0: les visiteurs pourront fl\u00e2ner entre les stands et repartir avec des tr\u00e9sors litt\u00e9raires \u00e0 prix doux. Une belle occasion de red\u00e9couvrir le plaisir du papier, de la lecture partag\u00e9e et des trouvailles inattendues.<\/p>\n","protected":false},"excerpt":{"rendered":"Comme chaque ann\u00e9e, lundi 15\u00a0ao\u00fbt, de 10\u00a0h \u00e0 19\u00a0h, la place des Arceaux, au c\u0153ur du village, se&hellip;\n","protected":false},"author":2,"featured_media":312095,"comment_status":"","ping_status":"","sticky":false,"template":"","format":"standard","meta":{"footnotes":""},"categories":[9599],"tags":[1111,11,1687,3859,1777,674,1685,1011,27,24717,2208,12,2680,25,45195],"class_list":{"0":"post-312094","1":"post","2":"type-post","3":"status-publish","4":"format-standard","5":"has-post-thumbnail","7":"category-montpellier","8":"tag-actu","9":"tag-actualites","10":"tag-culture-loisirs","11":"tag-edition-provencale","12":"tag-eu","13":"tag-europe","14":"tag-foire-et-salon","15":"tag-fr","16":"tag-france","17":"tag-haut-vaucluse","18":"tag-montpellier","19":"tag-news","20":"tag-occitanie","21":"tag-republique-francaise","22":"tag-seguret"},"share_on_mastodon":{"url":"https:\/\/pubeurope.com\/@fr\/115011339167667510","error":""},"_links":{"self":[{"href":"https:\/\/www.europesays.com\/fr\/wp-json\/wp\/v2\/posts\/312094","targetHints":{"allow":["GET"]}}],"collection":[{"href":"https:\/\/www.europesays.com\/fr\/wp-json\/wp\/v2\/posts"}],"about":[{"href":"https:\/\/www.europesays.com\/fr\/wp-json\/wp\/v2\/types\/post"}],"author":[{"embeddable":true,"href":"https:\/\/www.europesays.com\/fr\/wp-json\/wp\/v2\/users\/2"}],"replies":[{"embeddable":true,"href":"https:\/\/www.europesays.com\/fr\/wp-json\/wp\/v2\/comments?post=312094"}],"version-history":[{"count":0,"href":"https:\/\/www.europesays.com\/fr\/wp-json\/wp\/v2\/posts\/312094\/revisions"}],"wp:featuredmedia":[{"embeddable":true,"href":"https:\/\/www.europesays.com\/fr\/wp-json\/wp\/v2\/media\/312095"}],"wp:attachment":[{"href":"https:\/\/www.europesays.com\/fr\/wp-json\/wp\/v2\/media?parent=312094"}],"wp:term":[{"taxonomy":"category","embeddable":true,"href":"https:\/\/www.europesays.com\/fr\/wp-json\/wp\/v2\/categories?post=312094"},{"taxonomy":"post_tag","embeddable":true,"href":"https:\/\/www.europesays.com\/fr\/wp-json\/wp\/v2\/tags?post=312094"}],"curies":[{"name":"wp","href":"https:\/\/api.w.org\/{rel}","templated":true}]}}