{"id":312098,"date":"2025-08-11T17:36:13","date_gmt":"2025-08-11T17:36:13","guid":{"rendered":"https:\/\/www.europesays.com\/fr\/312098\/"},"modified":"2025-08-11T17:36:13","modified_gmt":"2025-08-11T17:36:13","slug":"rouen-et-le-havre-echappent-a-la-canicule-mais-y-aura-t-il-des-temperatures-records","status":"publish","type":"post","link":"https:\/\/www.europesays.com\/fr\/312098\/","title":{"rendered":"Rouen et Le Havre \u00e9chappent \u00e0 la canicule mais y aura-t-il des temp\u00e9ratures records\u00a0?"},"content":{"rendered":"<p>            Par<br \/>\n        <strong><br \/>\n            <a href=\"https:\/\/actu.fr\/auteur\/julien-bouteiller\" title=\"Consulter tous les articles de Julien Bouteiller\" target=\"_blank\" rel=\"noopener\">Julien Bouteiller<\/a><br \/>\n        <\/strong><\/p>\n<p>        Publi\u00e9 le<\/p>\n<p>            11 ao\u00fbt 2025 \u00e0 19h08        <\/p>\n<p>Il va faire chaud <a href=\"https:\/\/actu.fr\/meteo\/meteo-en-seine-maritime-quel-temps-fera-t-il-en-cette-semaine-du-15-aout_63019821.html\" target=\"_blank\" rel=\"noopener\">cette semaine \u00e0 Rouen et au Havre<\/a>. Heureusement, <strong>bien moins<\/strong> que dans <a href=\"https:\/\/actu.fr\/meteo\/canicule-la-vigilance-rouge-activee-en-france-voici-ce-que-ca-implique-concretement-pour-vous_63020788.html\" target=\"_blank\" rel=\"noopener\">la moiti\u00e9 du pays touch\u00e9e par la canicule<\/a>. Toujours est-il que le mercure va grimper en Seine-Maritime. <strong>Au point d\u2019atteindre des records pour un mois d\u2019ao\u00fbt ?<\/strong> On fait le point.<\/p>\n<p>Des chaleurs records au Havre et \u00e0 Rouen ?<\/p>\n<p class=\" wall-content\">Rien que ce lundi 11 ao\u00fbt 2025, on attendait<strong> jusqu\u2019\u00e0 32\u00b0C au Havre et \u00e0 Rouen<\/strong>. Une temp\u00e9rature bien au-dessus de la normale de saison pour cette date,<strong> \u00e9tablie \u00e0 23,8\u00b0C.<\/strong> Toutefois, on reste bien en-de\u00e7\u00e0 du record du 11 ao\u00fbt 2003, \u00e9t\u00e9 de canicule meurtri\u00e8re, o\u00f9 le mercure <strong>avait grimp\u00e9 jusqu\u2019\u00e0 38,1\u00b0C<\/strong>.\u00a0<\/p>\n<p class=\" wall-content\"><strong>Avec jusqu\u2019\u00e0 33\u00b0C mardi<\/strong>, il fera encore tr\u00e8s chaud, mais l\u00e0 encore, le pr\u00e9c\u00e9dent record remonte \u00e0 2003. Pour mercredi, on fr\u00f4lera le record pour un 13 ao\u00fbt, dat\u00e9 de 2022, \u00e9tabli \u00e0 32,2\u00b0C.\u00a0<\/p>\n<p class=\" wall-content\">Les temp\u00e9ratures vont <strong>rester stables autour des 30\u00b0C<\/strong> \u00e0 Rouen et au Havre au moins jusqu\u2019\u00e0 mardi prochain, \u00e0 en croire les pr\u00e9visions de M\u00e9t\u00e9o France.\u00a0<\/p>\n<p class=\" wall-content\">Il faudra probablement attendre la fin du mois pour voir si ao\u00fbt 2025 a \u00e9t\u00e9 particuli\u00e8rement chaud. En ayant en t\u00eate que la temp\u00e9rature maximale moyenne en ao\u00fbt <strong>est de 24\u00b0C \u00e0 Rouen et de 18,4\u00b0C au Havre.<\/strong><\/p>\n<p class=\" wall-content\">\u00c0 noter qu\u2019en Seine-Maritime, le mois de juin a \u00e9t\u00e9 globalement plus chaud que la moyenne de saison, tandis que juillet, bien que l\u00e9g\u00e8rement plus chaud, a surtout \u00e9t\u00e9 marqu\u00e9 par<strong> un exc\u00e9dent de pluie.<\/strong><\/p>\n<p class=\" wall-content\">\n<p>Suivez l\u2019actualit\u00e9 de Rouen <a href=\"https:\/\/www.whatsapp.com\/channel\/0029VaKfnf99hXF2ddApFB1D\" target=\"_blank\" rel=\"noopener\">sur notre cha\u00eene WhatsApp<\/a> et <a href=\"https:\/\/www.tiktok.com\/@76actu.fr?lang=fr\" target=\"_blank\" rel=\"noopener\">sur notre compte TikTok<\/a>Suivez l\u2019actualit\u00e9 du Havre <a href=\"https:\/\/www.whatsapp.com\/channel\/0029VaFqJYE8aKvLBwVrEe0o\" target=\"_blank\" rel=\"noopener\">sur notre cha\u00eene WhatsApp<\/a> et <a href=\"https:\/\/www.tiktok.com\/@76actu.fr?lang=fr\" target=\"_blank\" rel=\"noopener\">sur notre compte TikTok<\/a><\/p>\n<p class=\" wall-content\">Suivez toute l\u2019actualit\u00e9 de vos villes et m\u00e9dias favoris en vous inscrivant \u00e0 <a href=\"https:\/\/moncompte.actu.fr\" title=\"D\u00e9couvez Mon Actu\" rel=\"nofollow noopener\" data-trk=\"{&quot;cta&quot;:{&quot;action&quot;:&quot;https:\\\/\\\/moncompte.actu.fr&quot;,&quot;category&quot;:&quot;mon compte&quot;,&quot;from&quot;:&quot;article footer&quot;,&quot;name&quot;:&quot;Mon actu&quot;,&quot;type&quot;:&quot;cta&quot;}}\" target=\"_blank\">Mon Actu<\/a>.<\/p>\n<p>                    <script async src=\"\/\/www.tiktok.com\/embed.js\"><\/script><\/p>\n","protected":false},"excerpt":{"rendered":"Par Julien Bouteiller Publi\u00e9 le 11 ao\u00fbt 2025 \u00e0 19h08 Il va faire chaud cette semaine \u00e0 Rouen&hellip;\n","protected":false},"author":2,"featured_media":312099,"comment_status":"","ping_status":"","sticky":false,"template":"","format":"standard","meta":{"footnotes":""},"categories":[9587],"tags":[1111,11,6698,1777,674,1011,27,2487,2357,12,5161,25,9590,15637],"class_list":{"0":"post-312098","1":"post","2":"type-post","3":"status-publish","4":"format-standard","5":"has-post-thumbnail","7":"category-rouen","8":"tag-actu","9":"tag-actualites","10":"tag-canicule","11":"tag-eu","12":"tag-europe","13":"tag-fr","14":"tag-france","15":"tag-meteo","16":"tag-meteo-france","17":"tag-news","18":"tag-normandie","19":"tag-republique-francaise","20":"tag-rouen","21":"tag-vague-de-chaleur"},"share_on_mastodon":{"url":"https:\/\/pubeurope.com\/@fr\/115011347073684141","error":""},"_links":{"self":[{"href":"https:\/\/www.europesays.com\/fr\/wp-json\/wp\/v2\/posts\/312098","targetHints":{"allow":["GET"]}}],"collection":[{"href":"https:\/\/www.europesays.com\/fr\/wp-json\/wp\/v2\/posts"}],"about":[{"href":"https:\/\/www.europesays.com\/fr\/wp-json\/wp\/v2\/types\/post"}],"author":[{"embeddable":true,"href":"https:\/\/www.europesays.com\/fr\/wp-json\/wp\/v2\/users\/2"}],"replies":[{"embeddable":true,"href":"https:\/\/www.europesays.com\/fr\/wp-json\/wp\/v2\/comments?post=312098"}],"version-history":[{"count":0,"href":"https:\/\/www.europesays.com\/fr\/wp-json\/wp\/v2\/posts\/312098\/revisions"}],"wp:featuredmedia":[{"embeddable":true,"href":"https:\/\/www.europesays.com\/fr\/wp-json\/wp\/v2\/media\/312099"}],"wp:attachment":[{"href":"https:\/\/www.europesays.com\/fr\/wp-json\/wp\/v2\/media?parent=312098"}],"wp:term":[{"taxonomy":"category","embeddable":true,"href":"https:\/\/www.europesays.com\/fr\/wp-json\/wp\/v2\/categories?post=312098"},{"taxonomy":"post_tag","embeddable":true,"href":"https:\/\/www.europesays.com\/fr\/wp-json\/wp\/v2\/tags?post=312098"}],"curies":[{"name":"wp","href":"https:\/\/api.w.org\/{rel}","templated":true}]}}