{"id":31210,"date":"2025-04-17T08:15:11","date_gmt":"2025-04-17T08:15:11","guid":{"rendered":"https:\/\/www.europesays.com\/fr\/31210\/"},"modified":"2025-04-17T08:15:11","modified_gmt":"2025-04-17T08:15:11","slug":"seniors-cotisations-arrets-maladie-le-gouvernement-en-quete-dune-formule-magique-pour-economiser-40-milliards-deuros","status":"publish","type":"post","link":"https:\/\/www.europesays.com\/fr\/31210\/","title":{"rendered":"Seniors, cotisations, arr\u00eats maladie&#8230; Le gouvernement en qu\u00eate d\u2019une formule magique pour \u00e9conomiser 40 milliards d\u2019euros"},"content":{"rendered":"<p><strong>D\u00c9CRYPTAGE &#8211;<\/strong> Alors que Fran\u00e7ois Bayrou reste pour le moment frileux sur les mesures concr\u00e8tes qui figureront dans le prochain projet de loi de finances, plusieurs pistes circulent pour baisser les d\u00e9penses.<\/p>\n<p class=\"fig-paragraph\">C\u2019est au pied du mur qu\u2019on voit le ma\u00e7on. Moins on y trouve de restes de mortier, plus l\u2019artisan serait soigneux et \u00e9conome. Ce morceau de bon sens populaire doit certainement parler au gouvernement, qui se trouve budg\u00e9tairement contraint et forc\u00e9 de se montrer aussi soigneux qu\u2019\u00e9conome. Depuis le d\u00e9but de la semaine, le message de l\u2019ex\u00e9cutif est clair\u00a0:<a href=\"http:\/\/www.lefigaro.fr\/conjoncture\/le-budget-2026-demandera-un-effort-supplementaire-de-40-milliards-d-euros-affirme-eric-lombard-20250413\" data-fig-type=\"NewsFlash\" data-gtm-custom-categorie=\"navigation\" data-gtm-custom-action=\"crossclick\" data-gtm-custom-label=\"Contextuel\" data-gtm-event=\"customEventSPE\" data-fig-domain=\"LEFIGARO\" target=\"_blank\" rel=\"noopener\">\u00a0il faut trouver plus de 40 milliards d\u2019euros pour r\u00e9\u00e9quilibrer le budget 2026<\/a>, et pour y parvenir, il faut s\u2019y prendre au plus t\u00f4t.<\/p>\n<p class=\"fig-paragraph\">Reste qu\u2019apr\u00e8s la grande conf\u00e9rence nationale des finances publiques, les mesures concr\u00e8tes qui permettraient au gouvernement de r\u00e9aliser cet effort budg\u00e9taire colossal demeurent floues, pour ne pas dire absentes. Plusieurs participants \u00e0 la conf\u00e9rence n\u2019ont d\u2019ailleurs pas h\u00e9sit\u00e9 \u00e0 la qualifier d\u2019\u00ab\u00a0op\u00e9ration de communication\u00a0\u00bb, \u00e0 la sortie. Un cap est d\u00e9j\u00e0 fix\u00e9 par le gouvernement\u00a0: l\u2019essentiel de ces 40 milliards ne pourra pas correspondre \u00e0 des imp\u00f4ts suppl\u00e9mentaires. Dans son discours de mardi, le premier ministre a affirm\u00e9 qu\u2019\u00ab\u00a0augmenter les pr\u00e9l\u00e8vements\u00a0\u00bb \u00e9tait \u00ab\u00a0intenable\u00a0\u00bb. Le reste des \u00ab\u00a0grands choix\u00a0\u00bb qui seront inscrits dans le budget 2026, pr\u00e9sent\u00e9 \u00e0 l\u2019automne, Fran\u00e7ois Bayrou les a renvoy\u00e9s \u00e0 plus tard, \u00ab\u00a0avant le 14 juillet\u00a0\u00bb.<\/p>\n<p class=\"fig-paragraph\">Pourtant, les services de Bercy ont lanc\u00e9, d\u00e8s l\u2019adoption (tardive) du budget 2025, les travaux techniques sur le projet de loi de finances (PLF) 2026. Le gouvernement a donc pu\u2026<\/p>\n<p class=\"fig-premium-paywall__infos\">\n        Cet article est r\u00e9serv\u00e9 aux abonn\u00e9s.        Il vous reste 75% \u00e0 d\u00e9couvrir.\n    <\/p>\n<p>                <img  data- alt=\"Le Figaro\" class=\"fig-img--complete fig-img\"\/><\/p>\n<p class=\"fig-premium-paywall__title\">Vous avez envie de lire la suite ?<\/p>\n<p class=\"fig-premium-paywall__subtitle\">D\u00e9bloquez tous les articles imm\u00e9diatement.<\/p>\n<p class=\"fig-premium-paywall__connect\">\n                D\u00e9j\u00e0 abonn\u00e9\u00a0?                <a class=\"fig-premium-paywall__connect-link\" href=\"https:\/\/connect.lefigaro.fr\/login?client=horizon_web&amp;type=main&amp;redirect_uri=https%3A%2F%2Fwww.lefigaro.fr%2Fconjoncture%2Fseniors-cotisations-arrets-maladie-le-gouvernement-en-quete-d-une-formule-magique-pour-economiser-40-milliards-d-euros-20250416\" data-js-gtm=\"{&quot;customCategorie&quot;: &quot;conversion&quot;, &quot;customAction&quot;: &quot;before_Landing_Connexion_paywall_manuel&quot;, &quot;customLabel&quot;: &quot;bGVmaWdhcm8uZnJfXzFmMDE5NWMxLTEyMzYtNjE2Yy05OTY0LWUzOTk3NWZkMmVjOV9fQXJ0aWNsZQ==_Seniors, cotisations, arr\u00eats maladie... Le gouvernement en qu\u00eate d\u2019une formule magique pour \u00e9conomiser 40 milliards d\u2019euros_177&quot;, &quot;customIDSPE&quot;: &quot;bGVmaWdhcm8uZnJfXzFmMDE5NWMxLTEyMzYtNjE2Yy05OTY0LWUzOTk3NWZkMmVjOV9fQXJ0aWNsZQ==&quot;, &quot;event&quot;: &quot;customEventSPE&quot;}\" target=\"_blank\" rel=\"noopener\"><br \/>\n                    Connectez-vous<br \/>\n                <\/a>\n            <\/p>\n","protected":false},"excerpt":{"rendered":"D\u00c9CRYPTAGE &#8211; Alors que Fran\u00e7ois Bayrou reste pour le moment frileux sur les mesures concr\u00e8tes qui figureront dans&hellip;\n","protected":false},"author":2,"featured_media":31211,"comment_status":"","ping_status":"","sticky":false,"template":"","format":"standard","meta":{"footnotes":""},"categories":[2],"tags":[339,11,340,343,345,350,130,344,352,349,33,341,313,6329,1011,27,346,342,353,351,347,12,348,25,354],"class_list":{"0":"post-31210","1":"post","2":"type-post","3":"status-publish","4":"format-standard","5":"has-post-thumbnail","7":"category-actualites","8":"tag-actualite-economique","9":"tag-actualites","10":"tag-bourse","11":"tag-cac-40","12":"tag-chef-dentreprise","13":"tag-concurrence","14":"tag-consommation","15":"tag-creation-dentreprise","16":"tag-crise","17":"tag-delocalisations","18":"tag-economie","19":"tag-emploi","20":"tag-entreprises","21":"tag-finances-publiques","22":"tag-fr","23":"tag-france","24":"tag-grands-patrons","25":"tag-impots","26":"tag-licenciements","27":"tag-monopole","28":"tag-multinationales","29":"tag-news","30":"tag-privatisation","31":"tag-republique-francaise","32":"tag-unio"},"share_on_mastodon":{"url":"https:\/\/pubeurope.com\/@fr\/114352313035373027","error":""},"_links":{"self":[{"href":"https:\/\/www.europesays.com\/fr\/wp-json\/wp\/v2\/posts\/31210","targetHints":{"allow":["GET"]}}],"collection":[{"href":"https:\/\/www.europesays.com\/fr\/wp-json\/wp\/v2\/posts"}],"about":[{"href":"https:\/\/www.europesays.com\/fr\/wp-json\/wp\/v2\/types\/post"}],"author":[{"embeddable":true,"href":"https:\/\/www.europesays.com\/fr\/wp-json\/wp\/v2\/users\/2"}],"replies":[{"embeddable":true,"href":"https:\/\/www.europesays.com\/fr\/wp-json\/wp\/v2\/comments?post=31210"}],"version-history":[{"count":0,"href":"https:\/\/www.europesays.com\/fr\/wp-json\/wp\/v2\/posts\/31210\/revisions"}],"wp:featuredmedia":[{"embeddable":true,"href":"https:\/\/www.europesays.com\/fr\/wp-json\/wp\/v2\/media\/31211"}],"wp:attachment":[{"href":"https:\/\/www.europesays.com\/fr\/wp-json\/wp\/v2\/media?parent=31210"}],"wp:term":[{"taxonomy":"category","embeddable":true,"href":"https:\/\/www.europesays.com\/fr\/wp-json\/wp\/v2\/categories?post=31210"},{"taxonomy":"post_tag","embeddable":true,"href":"https:\/\/www.europesays.com\/fr\/wp-json\/wp\/v2\/tags?post=31210"}],"curies":[{"name":"wp","href":"https:\/\/api.w.org\/{rel}","templated":true}]}}