{"id":312100,"date":"2025-08-11T17:37:14","date_gmt":"2025-08-11T17:37:14","guid":{"rendered":"https:\/\/www.europesays.com\/fr\/312100\/"},"modified":"2025-08-11T17:37:14","modified_gmt":"2025-08-11T17:37:14","slug":"un-plan-de-200-suppressions-demplois-dans-une-usine-pharmaceutique-pres-de-rouen","status":"publish","type":"post","link":"https:\/\/www.europesays.com\/fr\/312100\/","title":{"rendered":"Un plan de 200 suppressions d&#8217;emplois dans une usine pharmaceutique pr\u00e8s de Rouen"},"content":{"rendered":"<p class=\"article__intro\">Les 850 salari\u00e9s (CDI, CDD et int\u00e9rimaires) de l&rsquo;usine pharmaceutique Aspen de Notre-Dame-de-Bondeville pr\u00e8s de Rouen sont tr\u00e8s inquiets. D\u00e9but juillet 2025, ils ont appris en CSE la disparition probable de 200 emplois. Ils s&rsquo;interrogent sur la strat\u00e9gie de l&rsquo;entreprise sud-africaine.<\/p>\n<p>\n      L\u2019actu des r\u00e9gions\n    <\/p>\n<p>\n      Chaque jour, un tour d\u2019horizon des principales infos de toutes les r\u00e9gions.\n    <\/p>\n<p>    France T\u00e9l\u00e9visions utilise votre adresse e-mail afin de vous envoyer la newsletter \u00ab\u00a0L\u2019actu des r\u00e9gions\u00a0\u00bb. Vous pouvez vous d\u00e9sinscrire \u00e0 tout moment via le lien en bas de cette newsletter. <a target=\"_blank\" href=\"https:\/\/www.francetelevisions.fr\/groupe\/confidentialite\/politique-de-confidentialite\/politique-de-confidentialite-de-france-televisions-6503\" rel=\"nofollow noopener\">Notre politique de confidentialit\u00e9<\/a><\/p>\n<p>\u00ab\u00a0On ne s&rsquo;attendait pas du tout \u00e0 \u00e7a\u00a0\u00bb, r\u00e9sume Emmanuelle Hat\u00e9, d\u00e9l\u00e9gu\u00e9e syndicale CGT, \u00e9lue au CSE. L&rsquo;annonce est tomb\u00e9e au d\u00e9but des vacances estivales en CSE (comit\u00e9 social et \u00e9conomique).<\/p>\n<p>L&rsquo;usine pharmaceutique Aspen de Notre-Dame-de-Bondeville pourrait perdre 200 de ses emplois par non renouvellements de contrats pr\u00e9caires et un flot de ruptures conventionnelles.\u00a0<\/p>\n<p>Cette entreprise de 850 personnes a employ\u00e9 plusieurs g\u00e9n\u00e9rations de Bondevillais et d&rsquo;habitants de l&rsquo;agglom\u00e9ration rouennaise. Elle a notamment appartenu \u00e0 Sanofi et \u00e0 Glaxo SmithKline.\u00a0<\/p>\n<p>Repris en 2014 par le sud-africain Aspen, le <a href=\"https:\/\/www.aspenndb.com\/?lang=fr\" target=\"_blank\" rel=\"noopener nofollow\">site normand<\/a> est sp\u00e9cialis\u00e9\u0301 dans la fabrication de m\u00e9dicaments g\u00e9n\u00e9riques : des principes actifs notamment contre les thromboses veineuses et des produits finis pharmaceutiques pr\u00eats \u00e0 \u00eatre inject\u00e9s.\u00a0<\/p>\n<blockquote class=\"ftvi_content_quote\">\n<p class=\"ftvi_citation_quote\">Les mauvais r\u00e9sultats depuis 2021, on les a d\u00e9couverts le 2 juillet.<\/p>\n<p>Emmanuelle Hat\u00e9 D\u00e9l\u00e9gu\u00e9e syndicale CGT, \u00e9lue au CSE<\/p>\n<\/blockquote>\n<p><strong>VIDEO &#8211; Reportage de F. Pesquet et D. Meunier \u00e0 Notre-Dame-de-Bondeville<\/strong><\/p>\n<p>    dur\u00e9e de la vid\u00e9o : 00h01mn50s<\/p>\n<p>        <img decoding=\"async\" width=\"640\" height=\"426\" class=\"article-image not-lazy\" src=\"https:\/\/www.europesays.com\/fr\/wp-content\/uploads\/2025\/08\/087856f7-d715-4238-8a20-bfd42fd7ba81.jpg\" alt=\"\" fetchpriority=\"high\"\/><\/p>\n<p>\n          Les salari\u00e9s, CDD et int\u00e9rimaires de l&rsquo;usine pharmaceutique Aspen de Notre-Dame-de-Bondeville pr\u00e8s de Rouen sont tr\u00e8s inquiets. D\u00e9but juillet 2025, ils ont appris en CSE la disparition probable de 200 emplois. Interviews de Emmanuelle Hat\u00e9, d\u00e9l\u00e9gu\u00e9e syndicale CGT, \u00e9lue au CSE et de Myriam Mulot, maire (SE) de Notre-Dame-de-Bondeville<\/p>\n<p>        \u2022<\/p>\n<p>              \u00a9F. Pesquet \/ D. Meunier\/ Archives de 2012\/ France T\u00e9l\u00e9visions\n      <\/p>\n<p>Sollicit\u00e9e par notre \u00e9quipe de reportage ce 11 ao\u00fbt 2025, la direction n&rsquo;a pas donn\u00e9 suite \u00e0 notre demande d&rsquo;interview.<\/p>\n<p>La\u00a0 d\u00e9l\u00e9gu\u00e9e du syndicat CGT explique que sur le site de Notre-Dame-de-Bondeville plusieurs points \u00e9taient pr\u00e9occupants \u00ab\u00a0une baisse d&rsquo;activit\u00e9 pour tout ce qui est anticoagulant, un client parti du jour au lendemain et un contrat qu&rsquo;on n&rsquo;a pas pu d\u00e9crocher, Je pense qu&rsquo;il y a eu des mauvaises strat\u00e9gies de notre entreprise\u00a0\u00bb.<\/p>\n<p>La maire de Notre-Dame-de-Bondeville ne comprend pas cette annonce estivale de suppressions de postes :\u00a0\u00a0<\/p>\n<blockquote class=\"ftvi_content_quote\">\n<p class=\"ftvi_citation_quote\">Nous avons rencontr\u00e9 la direction il y a un mois et demi, avec le pr\u00e9sident de la M\u00e9tropole, ils nous avaient annonc\u00e9 d\u00e9poser diff\u00e9rents permis de construire pour agrandir le site. La collectivit\u00e9 n&rsquo;a pas \u00e9t\u00e9 inform\u00e9e \u00e0 ce jour.<\/p>\n<p>Myriam Mulot Maire (SE) de Notre-Dame-de-Bondeville<\/p>\n<\/blockquote>\n<p>\u00a0<\/p>\n<p>\u00a0<\/p>\n<p>Les repr\u00e9sentants du personnel pr\u00e9parent l&rsquo;accompagnement des salari\u00e9s et personnels pr\u00e9caires : \u00ab\u00a0On va essayer de travailler en intersyndicale\u00a0\u00bb.<\/p>\n<p>Si le plan de la direction est maintenu, les non renouvellements de CDD, int\u00e9rimaires s&rsquo;\u00e9chelonneront jusqu&rsquo;\u00e0 fin 2025. Puis viendraient les ruptures conventionnelles pour des salari\u00e9s en CDI, \u00e0 partir de janvier 2026.\u00a0<\/p>\n<p>\u00a0<\/p>\n<p>\u00a0<\/p>\n","protected":false},"excerpt":{"rendered":"Les 850 salari\u00e9s (CDI, CDD et int\u00e9rimaires) de l&rsquo;usine pharmaceutique Aspen de Notre-Dame-de-Bondeville pr\u00e8s de Rouen sont tr\u00e8s&hellip;\n","protected":false},"author":2,"featured_media":312101,"comment_status":"","ping_status":"","sticky":false,"template":"","format":"standard","meta":{"footnotes":""},"categories":[9587],"tags":[1111,11,1777,674,1011,27,12,5161,25,9590],"class_list":{"0":"post-312100","1":"post","2":"type-post","3":"status-publish","4":"format-standard","5":"has-post-thumbnail","7":"category-rouen","8":"tag-actu","9":"tag-actualites","10":"tag-eu","11":"tag-europe","12":"tag-fr","13":"tag-france","14":"tag-news","15":"tag-normandie","16":"tag-republique-francaise","17":"tag-rouen"},"share_on_mastodon":{"url":"https:\/\/pubeurope.com\/@fr\/115011351047957998","error":""},"_links":{"self":[{"href":"https:\/\/www.europesays.com\/fr\/wp-json\/wp\/v2\/posts\/312100","targetHints":{"allow":["GET"]}}],"collection":[{"href":"https:\/\/www.europesays.com\/fr\/wp-json\/wp\/v2\/posts"}],"about":[{"href":"https:\/\/www.europesays.com\/fr\/wp-json\/wp\/v2\/types\/post"}],"author":[{"embeddable":true,"href":"https:\/\/www.europesays.com\/fr\/wp-json\/wp\/v2\/users\/2"}],"replies":[{"embeddable":true,"href":"https:\/\/www.europesays.com\/fr\/wp-json\/wp\/v2\/comments?post=312100"}],"version-history":[{"count":0,"href":"https:\/\/www.europesays.com\/fr\/wp-json\/wp\/v2\/posts\/312100\/revisions"}],"wp:featuredmedia":[{"embeddable":true,"href":"https:\/\/www.europesays.com\/fr\/wp-json\/wp\/v2\/media\/312101"}],"wp:attachment":[{"href":"https:\/\/www.europesays.com\/fr\/wp-json\/wp\/v2\/media?parent=312100"}],"wp:term":[{"taxonomy":"category","embeddable":true,"href":"https:\/\/www.europesays.com\/fr\/wp-json\/wp\/v2\/categories?post=312100"},{"taxonomy":"post_tag","embeddable":true,"href":"https:\/\/www.europesays.com\/fr\/wp-json\/wp\/v2\/tags?post=312100"}],"curies":[{"name":"wp","href":"https:\/\/api.w.org\/{rel}","templated":true}]}}