{"id":312102,"date":"2025-08-11T17:38:13","date_gmt":"2025-08-11T17:38:13","guid":{"rendered":"https:\/\/www.europesays.com\/fr\/312102\/"},"modified":"2025-08-11T17:38:13","modified_gmt":"2025-08-11T17:38:13","slug":"un-guide-pour-inciter-les-grenoblois-a-adopter-les-logiciels-libres","status":"publish","type":"post","link":"https:\/\/www.europesays.com\/fr\/312102\/","title":{"rendered":"Un guide pour inciter les Grenoblois \u00e0 adopter les logiciels libres"},"content":{"rendered":"<p>En pleine tor\u00adpeur esti\u00advale, la Ville de Grenoble a pro\u00adfit\u00e9 du creux m\u00e9dia\u00adtique pour lan\u00adcer une ini\u00adtia\u00adtive d\u2019envergure\u00a0: un guide pra\u00adtique d\u2019acc\u00e8s aux logi\u00adciels libres, des\u00adtin\u00e9 \u00e0 ses habi\u00adtants.\u00a0Pierre M\u00e9riaux, adjoint au maire en charge de la Strat\u00e9gie num\u00e9\u00adrique, a d\u00e9voil\u00e9 cet outil\u00a0en conf\u00e9\u00adrence de presse le 7 ao\u00fbt 2025. Un guide pr\u00e9\u00adsent\u00e9 comme la pierre angu\u00adlaire p\u00e9da\u00adgo\u00adgique de la d\u00e9marche muni\u00adci\u00adpale en faveur d\u2019un \u00ab\u00a0num\u00e9\u00adrique res\u00adpon\u00adsable\u00a0\u00bb, vot\u00e9e en sep\u00adtembre 2024.<\/p>\n<p>\u00ab\u00a0Le num\u00e9\u00adrique irrigue toutes nos vies\u00a0\u00bb, a rap\u00adpel\u00e9 Pierre M\u00e9riaux. Une omni\u00adpr\u00e9\u00adsence qui sou\u00adl\u00e8ve des enjeux majeurs de sou\u00adve\u00adrai\u00adnet\u00e9, d\u2019autonomie, d\u2019\u00e9cologie et de d\u00e9mo\u00adcra\u00adtie, aux yeux de l\u2019\u00e9lu gre\u00adno\u00adblois. Face \u00e0 la domi\u00adna\u00adtion des Gafam (Google, Amazon, Facebook, Apple et Microsoft) et \u00e0 la pri\u00adva\u00adti\u00adsa\u00adtion mas\u00adsive des don\u00adn\u00e9es per\u00adson\u00adnelles, la Ville entend donc pro\u00adpo\u00adser une alter\u00adna\u00adtive\u00a0: les logi\u00adciels libres.<\/p>\n<p><a href=\"https:\/\/www.europesays.com\/fr\/wp-content\/uploads\/2025\/08\/GuideLogicielsLibreVilleGrenobleCreditJoelKermabon-2.jpg\"><img fetchpriority=\"high\" decoding=\"async\" aria-describedby=\"caption-attachment-657522\" class=\"wp-image-657522 size-full\" src=\"data:image\/svg+xml,%3Csvg%20xmlns=\" http:=\"\" alt=\"Pierre M\u00e9riaux, adjoint au Personnel et Dialogue social - Immobilier municipal et Strat\u00e9gie num\u00e9rique. \u00a9 Jo\u00ebl Kermabon - Place Gre'net\" width=\"1500\" height=\"1124\" data-lazy- data-lazy- data-lazy-src=\"https:\/\/www.europesays.com\/fr\/wp-content\/uploads\/2025\/08\/GuideLogicielsLibreVilleGrenobleCreditJoelKermabon-2.jpg\"\/><\/a><\/p>\n<p id=\"caption-attachment-657522\" class=\"wp-caption-text\">Pierre M\u00e9riaux.\u00a0\u00a9 Jo\u00ebl Kermabon \u2013 Place Gre\u2019net<\/p>\n<p>Loin d\u2019\u00eatre un simple choix tech\u00adnique, ce posi\u00adtion\u00adne\u00adment s\u2019inscrit dans une d\u00e9marche poli\u00adtique. \u00ab\u00a0Favoriser les logi\u00adciels libres, c\u2019est gagner en libert\u00e9. C\u2019est r\u00e9sis\u00adter, \u00e0 notre mani\u00e8re, \u00e0 un nou\u00advel asser\u00advis\u00adse\u00adment num\u00e9\u00adrique\u00a0\u00bb, affirme ainsi Pierre M\u00e9riaux.<\/p>\n<p>Le guide pro\u00adpos\u00e9 par la muni\u00adci\u00adpa\u00adlit\u00e9 se d\u00e9cline en deux for\u00admats\u00a0: une bro\u00adchure papier dif\u00adfu\u00ads\u00e9e dans les mai\u00adsons des habi\u00adtants (MDH) et <a href=\"https:\/\/www.grenoble.fr\/1049-logiciels-libres.htm\" target=\"_blank\" rel=\"noopener nofollow\">une ver\u00adsion num\u00e9\u00adrique<\/a>, r\u00e9gu\u00adli\u00e8\u00adre\u00adment mise \u00e0 jour sur le site de la Ville. Son objec\u00adtif\u00a0? Sensibiliser les Grenoblois \u00e0 cet enjeu et les accom\u00adpa\u00adgner vers une uti\u00adli\u00adsa\u00adtion plus libre et ma\u00ee\u00adtri\u00ads\u00e9e du num\u00e9rique.<\/p>\n","protected":false},"excerpt":{"rendered":"En pleine tor\u00adpeur esti\u00advale, la Ville de Grenoble a pro\u00adfit\u00e9 du creux m\u00e9dia\u00adtique pour lan\u00adcer une ini\u00adtia\u00adtive d\u2019envergure\u00a0:&hellip;\n","protected":false},"author":2,"featured_media":312103,"comment_status":"","ping_status":"","sticky":false,"template":"","format":"standard","meta":{"footnotes":""},"categories":[9566],"tags":[1111,11,2430,1777,674,1011,27,2731,12,25],"class_list":{"0":"post-312102","1":"post","2":"type-post","3":"status-publish","4":"format-standard","5":"has-post-thumbnail","7":"category-grenoble","8":"tag-actu","9":"tag-actualites","10":"tag-auvergne-rhone-alpes","11":"tag-eu","12":"tag-europe","13":"tag-fr","14":"tag-france","15":"tag-grenoble","16":"tag-news","17":"tag-republique-francaise"},"share_on_mastodon":{"url":"https:\/\/pubeurope.com\/@fr\/115011354888846760","error":""},"_links":{"self":[{"href":"https:\/\/www.europesays.com\/fr\/wp-json\/wp\/v2\/posts\/312102","targetHints":{"allow":["GET"]}}],"collection":[{"href":"https:\/\/www.europesays.com\/fr\/wp-json\/wp\/v2\/posts"}],"about":[{"href":"https:\/\/www.europesays.com\/fr\/wp-json\/wp\/v2\/types\/post"}],"author":[{"embeddable":true,"href":"https:\/\/www.europesays.com\/fr\/wp-json\/wp\/v2\/users\/2"}],"replies":[{"embeddable":true,"href":"https:\/\/www.europesays.com\/fr\/wp-json\/wp\/v2\/comments?post=312102"}],"version-history":[{"count":0,"href":"https:\/\/www.europesays.com\/fr\/wp-json\/wp\/v2\/posts\/312102\/revisions"}],"wp:featuredmedia":[{"embeddable":true,"href":"https:\/\/www.europesays.com\/fr\/wp-json\/wp\/v2\/media\/312103"}],"wp:attachment":[{"href":"https:\/\/www.europesays.com\/fr\/wp-json\/wp\/v2\/media?parent=312102"}],"wp:term":[{"taxonomy":"category","embeddable":true,"href":"https:\/\/www.europesays.com\/fr\/wp-json\/wp\/v2\/categories?post=312102"},{"taxonomy":"post_tag","embeddable":true,"href":"https:\/\/www.europesays.com\/fr\/wp-json\/wp\/v2\/tags?post=312102"}],"curies":[{"name":"wp","href":"https:\/\/api.w.org\/{rel}","templated":true}]}}