{"id":312104,"date":"2025-08-11T17:39:13","date_gmt":"2025-08-11T17:39:13","guid":{"rendered":"https:\/\/www.europesays.com\/fr\/312104\/"},"modified":"2025-08-11T17:39:13","modified_gmt":"2025-08-11T17:39:13","slug":"usap-tristan-labouteley-quitte-perpignan-pour-rejoindre-le-fc-grenoble-rugby","status":"publish","type":"post","link":"https:\/\/www.europesays.com\/fr\/312104\/","title":{"rendered":"USAP\u00a0: Tristan Labouteley quitte Perpignan pour rejoindre le FC Grenoble rugby"},"content":{"rendered":"<p> <img decoding=\"async\" src=\"https:\/\/www.europesays.com\/fr\/wp-content\/uploads\/2025\/08\/1200x680_sc_maxsportsworldtwo908427.jpg\" alt=\"illustration agrandir l'image\" style=\"--_image-preview:url('data:image\/jpeg;base64,\/9j\/2wBDACgcHiMeGSgjISMtKygwPGRBPDc3PHtYXUlkkYCZlo+AjIqgtObDoKrarYqMyP\/L2u71\/\/\/\/m8H\/\/\/\/6\/+b9\/\/j\/2wBDASstLTw1PHZBQXb4pYyl+Pj4+Pj4+Pj4+Pj4+Pj4+Pj4+Pj4+Pj4+Pj4+Pj4+Pj4+Pj4+Pj4+Pj4+Pj4+Pj4+Pj\/wAARCAAXACoDASIAAhEBAxEB\/8QAGAAAAwEBAAAAAAAAAAAAAAAAAAECAwX\/xAAYEAEBAQEBAAAAAAAAAAAAAAAAAQIREv\/EABcBAQEBAQAAAAAAAAAAAAAAAAABAgP\/xAAVEQEBAAAAAAAAAAAAAAAAAAAAAf\/aAAwDAQACEQMRAD8A50ipCjSIF5KxpxNiwZWJXpDcguLgDAuFQCDLSAHSD\/\/Z');\" loading=\"eager\" fetchpriority=\"high\" aria-hidden=\"true\" class=\"svelte-1pnmlwx rounded\" onload=\"this.__e=event\" onerror=\"this.__e=event\"\/> Le deuxi\u00e8me ligne Tristan Labouteley quitte l&rsquo;USAP \u00a9 Maxppp &#8211; Clementz Michel     <\/p>\n<p class=\"g-ici-body-regular-3 info svelte-1c4u67c\">Publi\u00e9 le lundi 11 ao\u00fbt 2025 \u00e0 18:00 <\/p>\n<ul class=\"SocialNetworks svelte-bt5901\">\n<li class=\"svelte-bt5901\"><\/li>\n<li class=\"svelte-bt5901\"><\/li>\n<li class=\"svelte-bt5901\"><\/li>\n<li class=\"svelte-bt5901\"><\/li>\n<li class=\"svelte-bt5901\"><\/li>\n<\/ul>\n<p class=\"standfirst g-ici-body-bold-1 svelte-983d72\">Le club l&rsquo;annonce ce lundi 11 ao\u00fbt, Tristan Labouteley ne portera pas le maillot sang et or cette saison. Le deuxi\u00e8me ligne quitte l&rsquo;USAP pour rejoindre le club de Grenoble, pour un pr\u00eat dans un premier temps, puis un contrat de deux ans. <\/p>\n<p>Tristan Labouteley fait ses aurevoirs \u00e0 l&rsquo;USAP et au TOP 14, pour rejoindre le club de Pro D2 de Grenoble. Le rugbyman de 30 ans jouait \u00e0 Perpignan depuis 2017. Avec le club catalan, il remporte le titre de <strong>champion de France de deuxi\u00e8me division en 2018 et 2021<\/strong>. Ces derniers temps, il manquait de temps de jeu, le recrutement est important \u00e0 son poste de deuxi\u00e8me ligne.<\/p>\n<p>Le joueur est <strong>pr\u00eat\u00e9 pour un an, suivi d&rsquo;un contrat de deux ans<\/strong> au FC Grenoble rugby.\u00a0La saison de TOP 14 reprend le 6 septembre pour l&rsquo;USAP, avec la r\u00e9ception de l&rsquo;Aviron Bayonnais.\u00a0<a class=\"IciLink ici-link IciArticleLink g-ici-body-regular-1 underline brand svelte-lu7k6w\" href=\"https:\/\/www.francebleu.fr\/infos\/faits-divers-justice\/pro-d2-decouvrez-le-calendrier-du-fcg-pour-la-saison-2025-2026-3423972\" rel=\"nofollow noopener\" target=\"_blank\">Le FCG d\u00e9butera par un d\u00e9placement \u00e0 Oyonnax le 29 ao\u00fbt.<\/a><\/p>\n<p>\u00c0 lire aussi   <img decoding=\"async\" src=\"https:\/\/www.europesays.com\/fr\/wp-content\/uploads\/2025\/08\/560x315_sc_sc_3.jpg\" alt=\"Le FCG d\u00e9butera sa saison \u00e0 Oyonnax le 29 ao\u00fbt.\" style=\"--_image-preview:url('data:image\/jpeg;base64,\/9j\/2wBDACgcHiMeGSgjISMtKygwPGRBPDc3PHtYXUlkkYCZlo+AjIqgtObDoKrarYqMyP\/L2u71\/\/\/\/m8H\/\/\/\/6\/+b9\/\/j\/2wBDASstLTw1PHZBQXb4pYyl+Pj4+Pj4+Pj4+Pj4+Pj4+Pj4+Pj4+Pj4+Pj4+Pj4+Pj4+Pj4+Pj4+Pj4+Pj4+Pj4+Pj\/wAARCAAXACoDASIAAhEBAxEB\/8QAFwABAQEBAAAAAAAAAAAAAAAAAAECBP\/EABUQAQEAAAAAAAAAAAAAAAAAAAAB\/8QAFgEBAQEAAAAAAAAAAAAAAAAAAAEC\/8QAFhEBAQEAAAAAAAAAAAAAAAAAABEB\/9oADAMBAAIRAxEAPwDgkaiRWUVFQogqFCNAAgM6gAg\/\/9k=');\" loading=\"lazy\" fetchpriority=\"low\" aria-hidden=\"true\" class=\"svelte-1pnmlwx rounded\" onload=\"this.__e=event\" onerror=\"this.__e=event\"\/>\u00c0 lire aussi   <img decoding=\"async\" src=\"https:\/\/www.europesays.com\/fr\/wp-content\/uploads\/2025\/08\/560x315_sc_capture-d-ecran-2025-08-01-163108.jpg\" alt=\"Le nouveau maillot de l'USAP pour les matchs \u00e0 l'ext\u00e9rieur a \u00e9t\u00e9 pr\u00e9sent\u00e9 ce vendredi\" style=\"--_image-preview:url('data:image\/jpeg;base64,\/9j\/2wBDACgcHiMeGSgjISMtKygwPGRBPDc3PHtYXUlkkYCZlo+AjIqgtObDoKrarYqMyP\/L2u71\/\/\/\/m8H\/\/\/\/6\/+b9\/\/j\/2wBDASstLTw1PHZBQXb4pYyl+Pj4+Pj4+Pj4+Pj4+Pj4+Pj4+Pj4+Pj4+Pj4+Pj4+Pj4+Pj4+Pj4+Pj4+Pj4+Pj4+Pj\/wAARCAAXACoDASIAAhEBAxEB\/8QAGAABAQEBAQAAAAAAAAAAAAAAAAIBAwT\/xAAWEAEBAQAAAAAAAAAAAAAAAAAAARH\/xAAWAQEBAQAAAAAAAAAAAAAAAAACAQD\/xAAVEQEBAAAAAAAAAAAAAAAAAAAAAf\/aAAwDAQACEQMRAD8A6IqqyjTjnUrqahEbqQgr0WMoNWiaigisAUX\/2Q==');\" loading=\"lazy\" fetchpriority=\"low\" aria-hidden=\"true\" class=\"svelte-1pnmlwx rounded\" onload=\"this.__e=event\" onerror=\"this.__e=event\"\/> <\/p>\n<ul class=\"SocialNetworks svelte-bt5901\">\n<li class=\"svelte-bt5901\"><\/li>\n<li class=\"svelte-bt5901\"><\/li>\n<li class=\"svelte-bt5901\"><\/li>\n<li class=\"svelte-bt5901\"><\/li>\n<li class=\"svelte-bt5901\"><\/li>\n<\/ul>\n","protected":false},"excerpt":{"rendered":"Le deuxi\u00e8me ligne Tristan Labouteley quitte l&rsquo;USAP \u00a9 Maxppp &#8211; Clementz Michel Publi\u00e9 le lundi 11 ao\u00fbt 2025&hellip;\n","protected":false},"author":2,"featured_media":312105,"comment_status":"","ping_status":"","sticky":false,"template":"","format":"standard","meta":{"footnotes":""},"categories":[9566],"tags":[1111,11,2430,1777,674,1011,27,2731,12,25],"class_list":{"0":"post-312104","1":"post","2":"type-post","3":"status-publish","4":"format-standard","5":"has-post-thumbnail","7":"category-grenoble","8":"tag-actu","9":"tag-actualites","10":"tag-auvergne-rhone-alpes","11":"tag-eu","12":"tag-europe","13":"tag-fr","14":"tag-france","15":"tag-grenoble","16":"tag-news","17":"tag-republique-francaise"},"share_on_mastodon":{"url":"https:\/\/pubeurope.com\/@fr\/115011359318508131","error":""},"_links":{"self":[{"href":"https:\/\/www.europesays.com\/fr\/wp-json\/wp\/v2\/posts\/312104","targetHints":{"allow":["GET"]}}],"collection":[{"href":"https:\/\/www.europesays.com\/fr\/wp-json\/wp\/v2\/posts"}],"about":[{"href":"https:\/\/www.europesays.com\/fr\/wp-json\/wp\/v2\/types\/post"}],"author":[{"embeddable":true,"href":"https:\/\/www.europesays.com\/fr\/wp-json\/wp\/v2\/users\/2"}],"replies":[{"embeddable":true,"href":"https:\/\/www.europesays.com\/fr\/wp-json\/wp\/v2\/comments?post=312104"}],"version-history":[{"count":0,"href":"https:\/\/www.europesays.com\/fr\/wp-json\/wp\/v2\/posts\/312104\/revisions"}],"wp:featuredmedia":[{"embeddable":true,"href":"https:\/\/www.europesays.com\/fr\/wp-json\/wp\/v2\/media\/312105"}],"wp:attachment":[{"href":"https:\/\/www.europesays.com\/fr\/wp-json\/wp\/v2\/media?parent=312104"}],"wp:term":[{"taxonomy":"category","embeddable":true,"href":"https:\/\/www.europesays.com\/fr\/wp-json\/wp\/v2\/categories?post=312104"},{"taxonomy":"post_tag","embeddable":true,"href":"https:\/\/www.europesays.com\/fr\/wp-json\/wp\/v2\/tags?post=312104"}],"curies":[{"name":"wp","href":"https:\/\/api.w.org\/{rel}","templated":true}]}}