{"id":312106,"date":"2025-08-11T17:40:55","date_gmt":"2025-08-11T17:40:55","guid":{"rendered":"https:\/\/www.europesays.com\/fr\/312106\/"},"modified":"2025-08-11T17:40:55","modified_gmt":"2025-08-11T17:40:55","slug":"jusqua-38-c-un-fort-pic-de-chaleur-attendu-lundi-en-ille-et-vilaine","status":"publish","type":"post","link":"https:\/\/www.europesays.com\/fr\/312106\/","title":{"rendered":"\u00ab\u00a0Jusqu\u2019\u00e0 38\u00a0\u00b0C\u00a0\u00bb\u00a0: un fort pic de chaleur attendu lundi en Ille-et-Vilaine"},"content":{"rendered":"<p>Le soleil revient en Ille-et-Vilaine\u2026 et la chaleur avec. Si les temp\u00e9ratures sont rest\u00e9es douces en Bretagne le week-end du 9 et 10\u00a0ao\u00fbt 2025, alors que la moiti\u00e9 sud de l\u2019hexagone est en vigilance orange canicule, il n\u2019en sera pas de m\u00eame pour la journ\u00e9e du lundi 11\u00a0ao\u00fbt.<\/p>\n<p>M\u00e9t\u00e9o Bretagne pr\u00e9voit<strong> \u00ab\u00a0une masse d\u2019air tr\u00e8s chaud pr\u00e9sente sur la France qui remonte franchement vers la Bretagne. Les temp\u00e9ratures s\u2019envolent dans l\u2019int\u00e9rieur des terres\u00a0\u00bb<\/strong>. En Ille-et-Vilaine, les pics de temp\u00e9ratures devraient varier entre 32\u00a0\u00b0C et 38\u00a0\u00b0C, surtout dans le sud du d\u00e9partement. Les communes les plus chaudes seront Bain-de-Bretagne, La Guerche-de-Bretagne, Redon et <a href=\"https:\/\/vitre.maville.com\/actu\/actudet_-secheresse-dans-le-pays-de-vitre-une-tendance-inquietante-observee-pour-la-ressource-en-eau-_7-6878496_actu.Htm\" rel=\"nofollow noopener\" target=\"_blank\">Vitr\u00e9<\/a>.<\/p>\n<p><strong>Lire aussi\u00a0:<\/strong> <a href=\"https:\/\/vitre.maville.com\/actu\/actudet_-record-de-chaleur-egale-a-rennes-36-6-c-pres-de-redon-plus-de-36-c-sur-la-cote-un-lundi-brulant-_7-6878836_actu.Htm\" rel=\"nofollow noopener\" target=\"_blank\">Record de chaleur \u00e9gal\u00e9 \u00e0 Rennes, 36,6\u00a0\u00b0C pr\u00e8s de Redon, plus de 36\u00a0\u00b0C sur la c\u00f4te\u00a0: un lundi br\u00fblant<\/a><\/p>\n<p>Sur Facebook, Temps Breton alerte sur les risques de feux de v\u00e9g\u00e9tation\u00a0: <strong>\u00ab\u00a0la menace de feux de for\u00eat\u00a0atteindra un paroxysme lundi, qui sera la journ\u00e9e la plus risqu\u00e9e de l\u2019\u00e9t\u00e9\u00a0\u00bb<\/strong>.<\/p>\n<\/p>\n<p>Des brumisateurs \u00e0 Rennes<\/p>\n<p>Face \u00e0 ce pic de chaleur, <a href=\"https:\/\/rennes.maville.com\/actu\/actudet_-fortes-chaleurs-ou-remplir-sa-gourde-et-demander-un-verre-d-eau-gratuitement-a-rennes-_52674-5857025_actu.Htm\" rel=\"nofollow noopener\" target=\"_blank\">la Ville de Rennes<\/a> a demand\u00e9 l\u2019autorisation exceptionnelle \u00e0 la pr\u00e9fecture de remettre en service trois brumisateurs, \u00e0 partir du vendredi 8\u00a0ao\u00fbt 2025. Ils sont situ\u00e9s place du Gros-Ch\u00eane dans le quartier de Maurepas, parc du Berry dans le quartier de Villejean et place Jean-Normand dans le quartier du Blosne.<\/p>\n<p><strong>\u00ab\u00a0Par ailleurs, des pataugeoires et des jeux d\u2019eau sont \u00e0 disposition des enfants de moins de douze ans dans le square Charles-G\u00e9niaux et dans le parc de Br\u00e9quigny\u00a0\u00bb<\/strong>, ajoute la mairie sur son site internet. Les horaires de collecte des d\u00e9chets de Rennes m\u00e9tropole ont \u00e9galement \u00e9t\u00e9 modifi\u00e9s pour permettre aux agents municipaux de ne pas subir le pic de chaleur du milieu de journ\u00e9e. Les collectes du matin se d\u00e9rouleront donc \u00e0 partir du 5\u00a0h, et celles de l\u2019apr\u00e8s-midi pourront se d\u00e9rouler jusqu\u2019\u00e0 1\u00a0h du matin.<\/p>\n<p>La journ\u00e9e du mardi 12\u00a0ao\u00fbt 2025 sera l\u00e9g\u00e8rement moins chaude, mais l\u2019Ille-et-Vilaine restera haute en temp\u00e9ratures\u00a0:<strong> \u00ab\u00a0Jusqu\u2019\u00e0 35\u00a0\u00b0C ne sont pas exclus\u00a0dans le d\u00e9partement\u00a0\u00bb<\/strong>, indique M\u00e9t\u00e9o Bretagne.<\/p>\n<p>\u00a0<\/p>\n","protected":false},"excerpt":{"rendered":"Le soleil revient en Ille-et-Vilaine\u2026 et la chaleur avec. Si les temp\u00e9ratures sont rest\u00e9es douces en Bretagne le&hellip;\n","protected":false},"author":2,"featured_media":312107,"comment_status":"","ping_status":"","sticky":false,"template":"","format":"standard","meta":{"footnotes":""},"categories":[2821],"tags":[11015,12886,1111,11,829,13208,1777,674,7482,1011,27,848,2867,9865,12,26773,3086,584,25],"class_list":{"0":"post-312106","1":"post","2":"type-post","3":"status-publish","4":"format-standard","5":"has-post-thumbnail","7":"category-rennes","8":"tag-c","9":"tag-12886","10":"tag-actu","11":"tag-actualites","12":"tag-bretagne","13":"tag-chaleur","14":"tag-eu","15":"tag-europe","16":"tag-fort","17":"tag-fr","18":"tag-france","19":"tag-ille-et-vilaine","20":"tag-jusqu","21":"tag-lundi","22":"tag-news","23":"tag-pic","24":"tag-redon","25":"tag-rennes","26":"tag-republique-francaise"},"share_on_mastodon":{"url":"https:\/\/pubeurope.com\/@fr\/115011366640926740","error":""},"_links":{"self":[{"href":"https:\/\/www.europesays.com\/fr\/wp-json\/wp\/v2\/posts\/312106","targetHints":{"allow":["GET"]}}],"collection":[{"href":"https:\/\/www.europesays.com\/fr\/wp-json\/wp\/v2\/posts"}],"about":[{"href":"https:\/\/www.europesays.com\/fr\/wp-json\/wp\/v2\/types\/post"}],"author":[{"embeddable":true,"href":"https:\/\/www.europesays.com\/fr\/wp-json\/wp\/v2\/users\/2"}],"replies":[{"embeddable":true,"href":"https:\/\/www.europesays.com\/fr\/wp-json\/wp\/v2\/comments?post=312106"}],"version-history":[{"count":0,"href":"https:\/\/www.europesays.com\/fr\/wp-json\/wp\/v2\/posts\/312106\/revisions"}],"wp:featuredmedia":[{"embeddable":true,"href":"https:\/\/www.europesays.com\/fr\/wp-json\/wp\/v2\/media\/312107"}],"wp:attachment":[{"href":"https:\/\/www.europesays.com\/fr\/wp-json\/wp\/v2\/media?parent=312106"}],"wp:term":[{"taxonomy":"category","embeddable":true,"href":"https:\/\/www.europesays.com\/fr\/wp-json\/wp\/v2\/categories?post=312106"},{"taxonomy":"post_tag","embeddable":true,"href":"https:\/\/www.europesays.com\/fr\/wp-json\/wp\/v2\/tags?post=312106"}],"curies":[{"name":"wp","href":"https:\/\/api.w.org\/{rel}","templated":true}]}}