{"id":312108,"date":"2025-08-11T17:42:12","date_gmt":"2025-08-11T17:42:12","guid":{"rendered":"https:\/\/www.europesays.com\/fr\/312108\/"},"modified":"2025-08-11T17:42:12","modified_gmt":"2025-08-11T17:42:12","slug":"apres-rennes-un-autre-rival-de-l1-pret-a-bondir-sur-jonathan-rowe","status":"publish","type":"post","link":"https:\/\/www.europesays.com\/fr\/312108\/","title":{"rendered":"apr\u00e8s Rennes, un autre rival de L1 pr\u00eat \u00e0 bondir sur Jonathan Rowe ?"},"content":{"rendered":"<p><strong>Le dossier Jonathan Rowe (<a href=\"https:\/\/www.butfootballclub.fr\/613285-om-mercato-les-negociations-avec-bruges-relancees-pour-joel-ordonez\/\" rel=\"noopener nofollow\" target=\"_blank\">OM<\/a>, 22 ans), r\u00e9cemment abandonn\u00e9 par le Stade Rennais, pourrait rebondir avec l\u2019arriv\u00e9e surprise d\u2019un nouveau pr\u00e9tendant de Ligue 1 : le LOSC.\u00a0<\/strong><\/p>\n<p>\ud83d\udfe5<strong> Rumeur<\/strong><\/p>\n<p>Alors que le Stade Rennais a r\u00e9cemment fait savoir qu\u2019il renon\u00e7ait \u00e0 recruter <a href=\"https:\/\/www.butfootballclub.fr\/613254-stade-rennais-mercato-habib-beye-pas-certain-de-compter-sur-arnaud-kalimuendo-pour-lom\/\" rel=\"noopener nofollow\" target=\"_blank\">Jonathan Rowe<\/a>, les raisons sont claires : le co\u00fbt \u00e9lev\u00e9 du joueur et ses propres envies ont refroidi les Bretons. Selon Ouest-France, le dossier Rowe est donc officiellement clos du c\u00f4t\u00e9 du SRFC, qui pr\u00e9f\u00e8re se concentrer sur d\u2019autres pistes plus abordables et r\u00e9alisables.<\/p>\n<p>Mais dans ce mercato parfois impr\u00e9visible, un nouveau pr\u00e9tendant pourrait bien relancer la course \u00e0 l\u2019ailier anglais de l\u2019<a href=\"https:\/\/www.butfootballclub.fr\/613308-om-mercato-nouveau-coup-de-tonnerre-pour-zhegrova-losc\/\" rel=\"noopener nofollow\" target=\"_blank\">OM<\/a>. Le LOSC, sous la houlette d\u2019Olivier L\u00e9tang, pourrait s\u2019int\u00e9resser de tr\u00e8s pr\u00e8s \u00e0 Rowe.\u00a0<\/p>\n<p><strong>\u00ab Attention \u00e0 Lille, car si le python veut\u2026 \u00bb <\/strong><\/p>\n<p>Marwan Belkacem, insider r\u00e9put\u00e9, a lanc\u00e9 un avertissement : \u00ab Attention \u00e0 Lille, car si le python veut\u2026 \u00bb Une allusion claire \u00e0 la d\u00e9termination de L\u00e9tang et \u00e0 la capacit\u00e9 du LOSC \u00e0 frapper fort sur le march\u00e9 des transferts.<\/p>\n<p>Pour l\u2019OM, qui r\u00e9clame au moins 20 millions d\u2019euros pour son ailier anglais, cette concurrence nouvelle pourrait aussi faire grimper les ench\u00e8res. Le feuilleton Rowe, loin d\u2019\u00eatre termin\u00e9, pourrait encore r\u00e9server quelques surprises avant la fin du mercato.<\/p>\n<p>\u00ab\u00a0Le coup d\u2019\u0153il de But FC\u00a0\u00bb<\/p>\n<p>\u00ab\u00a0S\u2019il ne s\u2019agit pas d\u2019une piste r\u00e9elle \u00e0 l\u2019instant T, le LOSC pourrait bien venir t\u00e2ter le terrain \u00e0 l\u2019OM au sujet de Jonathan Rowe\u00a0: Olivier L\u00e9tang entretient des rapports cordiaux avec Pablo Longoria et devrait r\u00e9colter encore des liquidit\u00e9s avec des d\u00e9parts juteux en vue.\u00a0\u00bb<\/p>\n","protected":false},"excerpt":{"rendered":"Le dossier Jonathan Rowe (OM, 22 ans), r\u00e9cemment abandonn\u00e9 par le Stade Rennais, pourrait rebondir avec l\u2019arriv\u00e9e surprise&hellip;\n","protected":false},"author":2,"featured_media":312109,"comment_status":"","ping_status":"","sticky":false,"template":"","format":"standard","meta":{"footnotes":""},"categories":[2821],"tags":[1111,11,829,448,1777,674,63,1011,27,66,3388,12,584,25,10662],"class_list":{"0":"post-312108","1":"post","2":"type-post","3":"status-publish","4":"format-standard","5":"has-post-thumbnail","7":"category-rennes","8":"tag-actu","9":"tag-actualites","10":"tag-bretagne","11":"tag-champions-league","12":"tag-eu","13":"tag-europe","14":"tag-football","15":"tag-fr","16":"tag-france","17":"tag-ligue-1","18":"tag-matchs","19":"tag-news","20":"tag-rennes","21":"tag-republique-francaise","22":"tag-transferts"},"share_on_mastodon":{"url":"https:\/\/pubeurope.com\/@fr\/115011370665075465","error":""},"_links":{"self":[{"href":"https:\/\/www.europesays.com\/fr\/wp-json\/wp\/v2\/posts\/312108","targetHints":{"allow":["GET"]}}],"collection":[{"href":"https:\/\/www.europesays.com\/fr\/wp-json\/wp\/v2\/posts"}],"about":[{"href":"https:\/\/www.europesays.com\/fr\/wp-json\/wp\/v2\/types\/post"}],"author":[{"embeddable":true,"href":"https:\/\/www.europesays.com\/fr\/wp-json\/wp\/v2\/users\/2"}],"replies":[{"embeddable":true,"href":"https:\/\/www.europesays.com\/fr\/wp-json\/wp\/v2\/comments?post=312108"}],"version-history":[{"count":0,"href":"https:\/\/www.europesays.com\/fr\/wp-json\/wp\/v2\/posts\/312108\/revisions"}],"wp:featuredmedia":[{"embeddable":true,"href":"https:\/\/www.europesays.com\/fr\/wp-json\/wp\/v2\/media\/312109"}],"wp:attachment":[{"href":"https:\/\/www.europesays.com\/fr\/wp-json\/wp\/v2\/media?parent=312108"}],"wp:term":[{"taxonomy":"category","embeddable":true,"href":"https:\/\/www.europesays.com\/fr\/wp-json\/wp\/v2\/categories?post=312108"},{"taxonomy":"post_tag","embeddable":true,"href":"https:\/\/www.europesays.com\/fr\/wp-json\/wp\/v2\/tags?post=312108"}],"curies":[{"name":"wp","href":"https:\/\/api.w.org\/{rel}","templated":true}]}}