{"id":312110,"date":"2025-08-11T17:43:12","date_gmt":"2025-08-11T17:43:12","guid":{"rendered":"https:\/\/www.europesays.com\/fr\/312110\/"},"modified":"2025-08-11T17:43:12","modified_gmt":"2025-08-11T17:43:12","slug":"strasbourg-le-tout-nouveau-festival-colormap-se-prepare-ce-week-end-du-cote-de-la-citadelle","status":"publish","type":"post","link":"https:\/\/www.europesays.com\/fr\/312110\/","title":{"rendered":"Strasbourg. Le tout nouveau festival Colormap se pr\u00e9pare ce week-end du c\u00f4t\u00e9 de la Citadelle"},"content":{"rendered":"<p>Un festival interculturel pour offrir un moment de partage ouvert \u00e0 tous : c\u2019est l\u2019id\u00e9e derri\u00e8re Colormap. La premi\u00e8re \u00e9dition de la manifestation se d\u00e9roulera du 15 au 16\u00a0ao\u00fbt au parc de la Citadelle \u00e0 Strasbourg et fera se rencontrer spectacles, ateliers, concerts et associations, dans l\u2019id\u00e9e d\u2019inviter \u00e0 la d\u00e9couverte de diff\u00e9rents horizons.<\/p>\n<p>Ce contenu est bloqu\u00e9 car vous n&rsquo;avez pas accept\u00e9 les cookies et autres traceurs.<\/p>\n<p>En cliquant sur \u00ab J\u2019accepte \u00bb, les cookies et autres traceurs seront d\u00e9pos\u00e9s et vous pourrez visualiser les contenus  (<a href=\"\" class=\"consentModule_policy\" target=\"_blank\" title=\"Consulter la politique de protection des donn\u00e9es du fournisseur\">plus d&rsquo;informations<\/a>).<\/p>\n<p>En cliquant sur \u00ab J\u2019accepte tous les cookies \u00bb, vous autorisez des d\u00e9p\u00f4ts de cookies et autres traceurs pour le stockage de vos donn\u00e9es sur nos sites et applications \u00e0 des fins de personnalisation et de ciblage publicitaire.<\/p>\n<p class=\"consentModule_secondaryText\">Vous gardez la possibilit\u00e9 de retirer votre consentement \u00e0 tout moment en consultant notre <a href=\"https:\/\/www.dna.fr\/protection-des-donnees\" target=\"_blank\" title=\"Consulter notre politique de protection des donn\u00e9es\" rel=\"noopener\">politique de protection des donn\u00e9es<\/a>. <br \/>&#13;<br \/>\n            <a href=\"https:\/\/www.dna.fr\/culture-loisirs\/2025\/08\/11\/javascript:Didomi.notice.show()\" class=\"consentModule_cmp\" target=\"_blank\" rel=\"noopener\">G\u00e9rer mes choix<\/a>&#13;\n        <\/p>\n<p>&#13;<br \/>\n                        J&rsquo;accepte&#13;<br \/>\n            J&rsquo;accepte tous les cookies&#13;\n        <\/p>\n<p>  La gratuit\u00e9 au service de l\u2019inclusivit\u00e9<\/p>\n<p>Dernier brunch d\u2019une s\u00e9rie de quatre \u00e9v\u00e9nements gourmands, le rendez-vous organis\u00e9 le 10 ao\u00fbt dans les murs du restaurant Teranga, dans le quartier Gare \u00e0 Strasbourg, se voulait une mani\u00e8re de donner de la visibilit\u00e9 au projet mais aussi de le financer. \u00ab\u00a0Pour une premi\u00e8re \u00e9dition, tout est un d\u00e9fi\u00a0\u00bb, explique Yolaine Merotto, la coordinatrice administrative du festival.<\/p>\n<p>Malgr\u00e9 l\u2019absence de subventions, le festival sera gratuit\u00a0: \u00ab\u00a0On sait que les associations ne gagneront pas forc\u00e9ment d\u2019argent cette fois-ci\u00a0\u00bb. Des cagnottes, quelques donateurs priv\u00e9s et la vente des toiles de l\u2019artiste Maku Dakar sont les seuls fonds sur lesquels la manifestation pourra compter.<\/p>\n<p>Ce contenu est bloqu\u00e9 car vous n&rsquo;avez pas accept\u00e9 les cookies et autres traceurs.<\/p>\n<p>En cliquant sur \u00ab J\u2019accepte \u00bb, les cookies et autres traceurs seront d\u00e9pos\u00e9s et vous pourrez visualiser les contenus  (<a href=\"\" class=\"consentModule_policy\" target=\"_blank\" title=\"Consulter la politique de protection des donn\u00e9es du fournisseur\">plus d&rsquo;informations<\/a>).<\/p>\n<p>En cliquant sur \u00ab J\u2019accepte tous les cookies \u00bb, vous autorisez des d\u00e9p\u00f4ts de cookies et autres traceurs pour le stockage de vos donn\u00e9es sur nos sites et applications \u00e0 des fins de personnalisation et de ciblage publicitaire.<\/p>\n<p class=\"consentModule_secondaryText\">Vous gardez la possibilit\u00e9 de retirer votre consentement \u00e0 tout moment en consultant notre <a href=\"https:\/\/www.dna.fr\/protection-des-donnees\" target=\"_blank\" title=\"Consulter notre politique de protection des donn\u00e9es\" rel=\"noopener\">politique de protection des donn\u00e9es<\/a>. <br \/>&#13;<br \/>\n            <a href=\"https:\/\/www.dna.fr\/culture-loisirs\/2025\/08\/11\/javascript:Didomi.notice.show()\" class=\"consentModule_cmp\" target=\"_blank\" rel=\"noopener\">G\u00e9rer mes choix<\/a>&#13;\n        <\/p>\n<p>&#13;<br \/>\n                        J&rsquo;accepte&#13;<br \/>\n            J&rsquo;accepte tous les cookies&#13;\n        <\/p>\n<p>  Un projet \u00e0 la crois\u00e9e des luttes<\/p>\n<p>Trois associations portent Colormap. Son directeur, Aliou Diop, est aussi vice-pr\u00e9sident de l\u2019association Diab\u00e9nile, qui s\u2019engage pour l\u2019accompagnement des porteurs de diab\u00e8te de type 1. Alassane Ngom, autre organisateur, est quant \u00e0 lui pr\u00e9sident <a href=\"https:\/\/www.dna.fr\/edition-de-strasbourg\/2019\/05\/22\/musiques-d-ici-et-d-ailleurs\" target=\"_blank\" rel=\"noopener\">d\u2019Intercultur\u2019art<\/a>, qui organise des \u00e9v\u00e9nements multiculturels \u00e0 Strasbourg. Kiff ta life, un jeune collectif de th\u00e9rapie par l\u2019humour pour les jeunes, sera \u00e9galement de la partie.<\/p>\n<p class=\"note\">Festival Colormap les 15 et 16 ao\u00fbt au parc de la Citadelle. Ateliers, spectacles, concerts, restauration, associations. Entr\u00e9e libre. Infos sur colormapfestival.com.<\/p>\n","protected":false},"excerpt":{"rendered":"Un festival interculturel pour offrir un moment de partage ouvert \u00e0 tous : c\u2019est l\u2019id\u00e9e derri\u00e8re Colormap. La&hellip;\n","protected":false},"author":2,"featured_media":312111,"comment_status":"","ping_status":"","sticky":false,"template":"","format":"standard","meta":{"footnotes":""},"categories":[2820],"tags":[1111,11,2389,2649,1687,2880,27337,1777,674,107,1011,27,775,12,25,640,2879],"class_list":{"0":"post-312110","1":"post","2":"type-post","3":"status-publish","4":"format-standard","5":"has-post-thumbnail","7":"category-strasbourg","8":"tag-actu","9":"tag-actualites","10":"tag-alsace","11":"tag-bas-rhin","12":"tag-culture-loisirs","13":"tag-edition-strasbourg","14":"tag-estivales","15":"tag-eu","16":"tag-europe","17":"tag-fil-info","18":"tag-fr","19":"tag-france","20":"tag-grand-est","21":"tag-news","22":"tag-republique-francaise","23":"tag-strasbourg","24":"tag-strasbourg-ville"},"share_on_mastodon":{"url":"https:\/\/pubeurope.com\/@fr\/115011374546559666","error":""},"_links":{"self":[{"href":"https:\/\/www.europesays.com\/fr\/wp-json\/wp\/v2\/posts\/312110","targetHints":{"allow":["GET"]}}],"collection":[{"href":"https:\/\/www.europesays.com\/fr\/wp-json\/wp\/v2\/posts"}],"about":[{"href":"https:\/\/www.europesays.com\/fr\/wp-json\/wp\/v2\/types\/post"}],"author":[{"embeddable":true,"href":"https:\/\/www.europesays.com\/fr\/wp-json\/wp\/v2\/users\/2"}],"replies":[{"embeddable":true,"href":"https:\/\/www.europesays.com\/fr\/wp-json\/wp\/v2\/comments?post=312110"}],"version-history":[{"count":0,"href":"https:\/\/www.europesays.com\/fr\/wp-json\/wp\/v2\/posts\/312110\/revisions"}],"wp:featuredmedia":[{"embeddable":true,"href":"https:\/\/www.europesays.com\/fr\/wp-json\/wp\/v2\/media\/312111"}],"wp:attachment":[{"href":"https:\/\/www.europesays.com\/fr\/wp-json\/wp\/v2\/media?parent=312110"}],"wp:term":[{"taxonomy":"category","embeddable":true,"href":"https:\/\/www.europesays.com\/fr\/wp-json\/wp\/v2\/categories?post=312110"},{"taxonomy":"post_tag","embeddable":true,"href":"https:\/\/www.europesays.com\/fr\/wp-json\/wp\/v2\/tags?post=312110"}],"curies":[{"name":"wp","href":"https:\/\/api.w.org\/{rel}","templated":true}]}}